{"id":1034293,"date":"2025-08-26T01:12:47","date_gmt":"2025-08-26T01:12:47","guid":{"rendered":"https:\/\/dimensionturistica.com\/es\/?p=1034293"},"modified":"2025-08-26T01:12:47","modified_gmt":"2025-08-26T01:12:47","slug":"inundaciones-por-fuertes-lluvias-en-izucar-impactan-intersecciones-viviendas-y-comercios","status":"publish","type":"post","link":"https:\/\/dimensionturistica.com\/es\/inundaciones-por-fuertes-lluvias-en-izucar-impactan-intersecciones-viviendas-y-comercios\/","title":{"rendered":"Inundaciones por fuertes lluvias en Iz\u00facar impactan intersecciones, viviendas y comercios."},"content":{"rendered":"<p><strong>Ecos de la Naturaleza: Desaf\u00edos y Resiliencia en Iz\u00facar de Matamoros<\/strong><\/p>\n<p>Iz\u00facar de Matamoros, un encantador destino rodeado de paisajes naturales, se enfrenta recientemente a un reto inesperado tras intensas lluvias que han provocado inundaciones en diversas \u00e1reas de la ciudad. Este fen\u00f3meno meteorol\u00f3gico resalta no solo la belleza del entorno, sino tambi\u00e9n la vulnerabilidad de sus comunidades ante la fuerza de la naturaleza.<\/p>\n<p>Las calles que normalmente vibran con la actividad diaria han sido testigos de c\u00f3mo, en cuesti\u00f3n de horas, la vida puede transformarse. Los r\u00edos que rodean esta localidad, as\u00ed como las corrientes de agua de lluvia, superaron sus l\u00edmites, afectando tanto a hogares como a negocios. Los habitantes, resilientes por naturaleza, han comenzado un proceso de recuperaci\u00f3n que refleja su determinaci\u00f3n ante la adversidad.<\/p>\n<p>En lugares como el crucero principal de Iz\u00facar, el bullicio y la interacci\u00f3n social han sido reemplazados por un silencio ensordecedor, donde el sonido del agua ha tomado protagonismo. Las im\u00e1genes de negocios sumergidos en agua son un recordatorio de que, a pesar de la planificaci\u00f3n urbana, la naturaleza a menudo tiene sus propios planes.<\/p>\n<p>Sin embargo, la comunidad ha hecho frente a esta adversidad de manera admirable. Voluntarios se han unido para ayudar a limpiar escombros y apoyar a aquellos que han sido m\u00e1s afectados. La solidaridad entre vecinos es palpable; cada gesto cuenta en estos momentos cr\u00edticos. Este esp\u00edritu de cooperaci\u00f3n no solo fortalece los lazos comunitarios, sino que tambi\u00e9n abre un espacio para la reflexi\u00f3n sobre la importancia de construir un entorno m\u00e1s seguro y resiliente ante los cambios clim\u00e1ticos.<\/p>\n<p>Para los turistas que buscan explorar esta hermosa regi\u00f3n, es un momento oportuno para contribuir y conocer de cerca la calidez humana y la fortaleza de los izucarenses. M\u00e1s all\u00e1 de sus paisajes id\u00edlicos, Iz\u00facar de Matamoros ofrece una experiencia aut\u00e9ntica, donde los visitantes pueden aprender sobre la cultura local, la gastronom\u00eda t\u00edpica y, sobre todo, sobre la capacidad de recuperaci\u00f3n de su gente.<\/p>\n<p>Como en cualquier viaje, la experiencia de conocer un lugar va m\u00e1s all\u00e1 de las impresiones visuales. En Iz\u00facar, cada conversaci\u00f3n con los residentes locales, cada plato degustado y cada historia compartida en medio de este proceso de reconstrucci\u00f3n se convierte en un testimonio vivo de la historia y la identidad de una comunidad que, a pesar de los embates de la naturaleza, sigue en pie, lista para recibir a quienes deseen sumergirse en su realidad.<\/p>\n<p>Si planeas visitar Iz\u00facar de Matamoros, considera que explorar la resiliencia de su gente y el impacto de la naturaleza puede ofrecerte una perspectiva \u00fanica de lo que significa ser parte de un lugar en constante transformaci\u00f3n. Aqu\u00ed, cada rayo de sol tras la tormenta representa una nueva oportunidad, no solo para la naturaleza, sino para todos los que tienen el coraz\u00f3n dispuesto a acompa\u00f1ar a esta comunidad en su camino hacia la recuperaci\u00f3n y el renacer.<\/p>\n<p><em> &#8221; Fuentes oem.com.mx &#8221; <\/em><\/p>\n","protected":false},"excerpt":{"rendered":"<p>Ecos de la Naturaleza: Desaf\u00edos y Resiliencia en Iz\u00facar de Matamoros Iz\u00facar de Matamoros, un encantador destino rodeado de paisajes naturales, se enfrenta recientemente a un reto inesperado tras intensas lluvias que han provocado inundaciones en diversas \u00e1reas de la ciudad. Este fen\u00f3meno meteorol\u00f3gico resalta no solo la belleza del entorno, sino tambi\u00e9n la vulnerabilidad [&hellip;]<\/p>\n","protected":false},"author":4,"featured_media":1034294,"comment_status":"open","ping_status":"closed","sticky":false,"template":"","format":"standard","meta":{"om_disable_all_campaigns":false,"jnews-multi-image_gallery":[],"jnews_single_post":[],"jnews_primary_category":[],"jnews_social_meta":[],"footnotes":""},"categories":[41],"tags":[3243,1280,77692,9910,197644,4094,1935],"class_list":["post-1034293","post","type-post","status-publish","format-standard","has-post-thumbnail","hentry","category-cruceros","tag-casas","tag-crucero","tag-el-sol-de-puebla","tag-inundaciones","tag-izucar","tag-lluvia","tag-negocios"],"_links":{"self":[{"href":"https:\/\/dimensionturistica.com\/es\/wp-json\/wp\/v2\/posts\/1034293","targetHints":{"allow":["GET"]}}],"collection":[{"href":"https:\/\/dimensionturistica.com\/es\/wp-json\/wp\/v2\/posts"}],"about":[{"href":"https:\/\/dimensionturistica.com\/es\/wp-json\/wp\/v2\/types\/post"}],"author":[{"embeddable":true,"href":"https:\/\/dimensionturistica.com\/es\/wp-json\/wp\/v2\/users\/4"}],"replies":[{"embeddable":true,"href":"https:\/\/dimensionturistica.com\/es\/wp-json\/wp\/v2\/comments?post=1034293"}],"version-history":[{"count":0,"href":"https:\/\/dimensionturistica.com\/es\/wp-json\/wp\/v2\/posts\/1034293\/revisions"}],"wp:featuredmedia":[{"embeddable":true,"href":"https:\/\/dimensionturistica.com\/es\/wp-json\/wp\/v2\/media\/1034294"}],"wp:attachment":[{"href":"https:\/\/dimensionturistica.com\/es\/wp-json\/wp\/v2\/media?parent=1034293"}],"wp:term":[{"taxonomy":"category","embeddable":true,"href":"https:\/\/dimensionturistica.com\/es\/wp-json\/wp\/v2\/categories?post=1034293"},{"taxonomy":"post_tag","embeddable":true,"href":"https:\/\/dimensionturistica.com\/es\/wp-json\/wp\/v2\/tags?post=1034293"}],"curies":[{"name":"wp","href":"https:\/\/api.w.org\/{rel}","templated":true}]}}