{"id":1034275,"date":"2025-08-26T00:17:01","date_gmt":"2025-08-26T00:17:01","guid":{"rendered":"https:\/\/dimensionturistica.com\/es\/?p=1034275"},"modified":"2025-08-26T00:17:01","modified_gmt":"2025-08-26T00:17:01","slug":"7-estilos-de-unas-largas-para-lucir-este-otono-2025-stiletto-ombre-y-con-accesorios-decorativos","status":"publish","type":"post","link":"https:\/\/dimensionturistica.com\/es\/7-estilos-de-unas-largas-para-lucir-este-otono-2025-stiletto-ombre-y-con-accesorios-decorativos\/","title":{"rendered":"7 Estilos de U\u00f1as Largas para Lucir Este Oto\u00f1o 2025: Stiletto, Ombr\u00e9 y Con Accesorios Decorativos"},"content":{"rendered":"<h3>La Nueva Tendencia de U\u00f1as Largas para Oto\u00f1o 2025: Un Viaje por Estilos y Colores<\/h3>\n<p>Con el cambio de estaci\u00f3n, la moda no se limita solo a la ropa y los accesorios; las u\u00f1as tambi\u00e9n juegan un papel crucial en la expresi\u00f3n personal. Este oto\u00f1o 2025, las tendencias en manicura se presentan m\u00e1s audaces y creativas que nunca, ofreciendo una amplia gama de dise\u00f1os y estilos que destacan la singularidad y el estilo individual.<\/p>\n<h4>La Longitud como Estilo<\/h4>\n<p>Las u\u00f1as largas han resurgido como una declaraci\u00f3n de intenciones en el mundo de la belleza. Estas fascinantes extensiones no solo alargan los dedos, sino que brindan un lienzo perfecto para experimentar con formas y colores. Y no, no se trata \u00fanicamente de llevarlas largas; es la manera en que se adorna cada mil\u00edmetro de esas largas garras lo que est\u00e1 capturando la atenci\u00f3n en las pasarelas y redes sociales.<\/p>\n<h4>Colores que Marcan la Temporada<\/h4>\n<p>Los tonos c\u00e1lidos y terrosos dominan la paleta oto\u00f1al, con matices como el terracota, el burdeos y el verde oliva tomando protagonismo. Sin embargo, este a\u00f1o la tendencia se atreve a introducir colores menos convencionales, como los met\u00e1licos y los tonos ne\u00f3n, que evocan un sentido de frescura y modernidad. Las combinaciones de colores contrastantes se est\u00e1n convirtiendo en un must-have, provocando un efecto visual inesperado y cautivador.<\/p>\n<h4>Formas Creativas y Geometr\u00eda<\/h4>\n<p>La geometr\u00eda llega al arte de la manicura, con formas angulares y dise\u00f1os asim\u00e9tricos que dan un aire contempor\u00e1neo. Las u\u00f1as cuadradas y almendradas se combinan con efectos de ombr\u00e9 y l\u00edneas definidas, creando una est\u00e9tica \u00fanica que habla de audacia. Este enfoque no solo resalta la longitud de las u\u00f1as, sino que tambi\u00e9n permite a cada individuo mostrar su personalidad de manera creativa y bold.<\/p>\n<h4>Detalles que Cautivan<\/h4>\n<p>Los detalles son fundamentales en esta tendencia. Desde incrustaciones de cristales hasta arte de u\u00f1as en miniatura, la capacidad de a\u00f1adir elementos decorativos est\u00e1 en su apogeo. Las t\u00e9cnicas de estampado, el uso de foil y los acabados mate aportan ese toque final que transforma cualquier dise\u00f1o en una obra de arte. Cada set de u\u00f1as ofrece la posibilidad de contar una historia o transmitir una emoci\u00f3n, convirtiendo una simple manicura en una declaraci\u00f3n fashion.<\/p>\n<h4>Inspiraci\u00f3n y Cuidado<\/h4>\n<p>Para quienes desean adoptar esta tendencia, la inspiraci\u00f3n fluye en cada rinc\u00f3n de las redes sociales. Influencers y expertos en belleza comparten ideas que impulsan la creatividad, mientras que los estudios de estilismo ofrecen servicios dise\u00f1ados para cumplir con las m\u00e1s altas expectativas. El mantenimiento de las u\u00f1as largas, que requiere atenci\u00f3n y cuidado regular, no es un obst\u00e1culo sino m\u00e1s bien un ritual que muchas est\u00e1n dispuestas a abrazar.<\/p>\n<h4>\u00a1Atr\u00e9vete a Probar!<\/h4>\n<p>Este oto\u00f1o 2025, las u\u00f1as largas se afianzan como un elemento esencial en el estilo personal. Con m\u00faltiples opciones de color, formas y detalles, cada dise\u00f1o se convierte en una extensi\u00f3n de la identidad de quien lo lleva. La belleza reside en la diversidad, y este es el momento perfecto para experimentar y expresar esa individualidad en cada manicura. \u00a1No te quedes atr\u00e1s y deja que tus u\u00f1as hablen por ti esta temporada!<\/p>\n<p><em> &#8221; Fuentes www.vogue.mx &#8221; <\/em><\/p>\n","protected":false},"excerpt":{"rendered":"<p>La Nueva Tendencia de U\u00f1as Largas para Oto\u00f1o 2025: Un Viaje por Estilos y Colores Con el cambio de estaci\u00f3n, la moda no se limita solo a la ropa y los accesorios; las u\u00f1as tambi\u00e9n juegan un papel crucial en la expresi\u00f3n personal. Este oto\u00f1o 2025, las tendencias en manicura se presentan m\u00e1s audaces y [&hellip;]<\/p>\n","protected":false},"author":14,"featured_media":0,"comment_status":"open","ping_status":"closed","sticky":false,"template":"","format":"standard","meta":{"om_disable_all_campaigns":false,"jnews-multi-image_gallery":[],"jnews_single_post":{"format":"standard"},"jnews_primary_category":[],"jnews_social_meta":[],"footnotes":""},"categories":[144872],"tags":[200947,5517,200951,244208,191169,241416,207942,12543,211179],"class_list":["post-1034275","post","type-post","status-publish","format-standard","hentry","category-fashion","tag-disenos-de-unas","tag-joyeria","tag-nail-art","tag-ombre","tag-otono-2025","tag-stiletto","tag-tendencias-de-unas","tag-unas","tag-unas-largas"],"_links":{"self":[{"href":"https:\/\/dimensionturistica.com\/es\/wp-json\/wp\/v2\/posts\/1034275","targetHints":{"allow":["GET"]}}],"collection":[{"href":"https:\/\/dimensionturistica.com\/es\/wp-json\/wp\/v2\/posts"}],"about":[{"href":"https:\/\/dimensionturistica.com\/es\/wp-json\/wp\/v2\/types\/post"}],"author":[{"embeddable":true,"href":"https:\/\/dimensionturistica.com\/es\/wp-json\/wp\/v2\/users\/14"}],"replies":[{"embeddable":true,"href":"https:\/\/dimensionturistica.com\/es\/wp-json\/wp\/v2\/comments?post=1034275"}],"version-history":[{"count":0,"href":"https:\/\/dimensionturistica.com\/es\/wp-json\/wp\/v2\/posts\/1034275\/revisions"}],"wp:attachment":[{"href":"https:\/\/dimensionturistica.com\/es\/wp-json\/wp\/v2\/media?parent=1034275"}],"wp:term":[{"taxonomy":"category","embeddable":true,"href":"https:\/\/dimensionturistica.com\/es\/wp-json\/wp\/v2\/categories?post=1034275"},{"taxonomy":"post_tag","embeddable":true,"href":"https:\/\/dimensionturistica.com\/es\/wp-json\/wp\/v2\/tags?post=1034275"}],"curies":[{"name":"wp","href":"https:\/\/api.w.org\/{rel}","templated":true}]}}