{"id":1033928,"date":"2025-08-25T16:08:57","date_gmt":"2025-08-25T16:08:57","guid":{"rendered":"https:\/\/dimensionturistica.com\/es\/?p=1033928"},"modified":"2025-08-25T16:08:57","modified_gmt":"2025-08-25T16:08:57","slug":"puede-dormir-de-lado-causar-asimetria-facial","status":"publish","type":"post","link":"https:\/\/dimensionturistica.com\/es\/puede-dormir-de-lado-causar-asimetria-facial\/","title":{"rendered":"\u00bfPuede Dormir de Lado Causar Asimetr\u00eda Facial?"},"content":{"rendered":"<h3>La Influencia del Sue\u00f1o Lateral en la Belleza Facial<\/h3>\n<p>El cuidado de la piel y la est\u00e9tica se han convertido en temas centrales en la vida moderna, forjando una conexi\u00f3n entre el descanso adecuado y la apariencia f\u00edsica. Un aspecto intrigante que ha cobrado relevancia es c\u00f3mo la posici\u00f3n en la que dormimos puede influir en la simetr\u00eda facial, un factor que hist\u00f3ricamente ha sido considerado un pilar de la belleza.<\/p>\n<h4>\u00bfPor Qu\u00e9 el Sue\u00f1o Lateral Importa?<\/h4>\n<p>Dormir de lado se ha establecido como una de las posiciones m\u00e1s comunes. Sin embargo, este h\u00e1bito puede traer consigo consecuencias inesperadas para la estructura facial. Cuando se duerme en esta posici\u00f3n, el rostro entra en contacto constante con la almohada, lo que puede resultar en un desgaste desigual de la piel y una posible aparici\u00f3n de arrugas.<\/p>\n<p>No solo se trata de la piel; la presi\u00f3n ejercida sobre un lado del rostro puede influir en la forma de los m\u00fasculos y tejidos, promoviendo una asimetr\u00eda que con el tiempo podr\u00eda volverse m\u00e1s pronunciada. Expertos en el campo de la dermatolog\u00eda han comenzado a estudiar c\u00f3mo esta simple elecci\u00f3n nocturna se relaciona con la est\u00e9tica.<\/p>\n<h4>La Ciencia Detr\u00e1s de la Asimetr\u00eda Facial<\/h4>\n<p>Desde el punto de vista profesional, la simetr\u00eda facial ha sido frecuentemente celebrada como un est\u00e1ndar de belleza. La ciencia sugiere que las caras sim\u00e9tricas suelen ser percibidas como m\u00e1s atractivas. Este fen\u00f3meno ocurre, en parte, porque nuestros cerebros tienden a procesar las im\u00e1genes sim\u00e9tricas de manera m\u00e1s f\u00e1cil y r\u00e1pida.<\/p>\n<p>Los especialistas advierten sobre las posibles consecuencias de la falta de atenci\u00f3n a la postura durante el sue\u00f1o. Con el tiempo, la presi\u00f3n constante en un lado del rostro puede conducir al desarrollo de bolsas y l\u00edneas de expresi\u00f3n, acentuando la asimetr\u00eda. Esto puede ser m\u00e1s pronosticable en personas que han hecho del sue\u00f1o lateral un h\u00e1bito prolongado.<\/p>\n<h4>Estrategias para Minimizar el Impacto<\/h4>\n<p>Afrontar este fen\u00f3meno no necesariamente implica un cambio radical en la forma de dormir. Los expertos sugieren algunas estrategias que pueden ayudar a mitigar los efectos negativos. Por ejemplo:<\/p>\n<ul>\n<li>\n<p><strong>Uso de almohadas adecuadas<\/strong>: Optar por almohadas que ofrezcan un soporte equilibrado puede ayudar a reducir la presi\u00f3n en el rostro. Las almohadas de memoria pueden ser una buena opci\u00f3n, ya que se adaptan a la forma de la cabeza y el cuello.<\/p>\n<\/li>\n<li>\n<p><strong>Cambio en la posici\u00f3n<\/strong>: Intentar alternar entre dormir de lado y boca arriba puede beneficiar la simetr\u00eda facial. Aunque puede ser dif\u00edcil cambiar un h\u00e1bito, peque\u00f1os esfuerzos pueden tener un gran impacto a largo plazo.<\/p>\n<\/li>\n<li>\n<p><strong>Rutinas de cuidado de la piel<\/strong>: Incorporar productos que promuevan la hidrataci\u00f3n y la elasticidad de la piel puede ayudar a contrarrestar los efectos del desgaste f\u00edsico.<\/p>\n<\/li>\n<\/ul>\n<h4>La Belleza del Sue\u00f1o<\/h4>\n<p>Es fascinante c\u00f3mo un elemento tan b\u00e1sico como dormir puede influir en el aspecto f\u00edsico. Mientras que el descanso es esencial para la salud general, hay una creciente conciencia sobre c\u00f3mo las elecciones en nuestra vida cotidiana, incluido c\u00f3mo dormimos, pueden afectar nuestra est\u00e9tica y bienestar.<\/p>\n<p>El inter\u00e9s por la conexi\u00f3n entre el sue\u00f1o y la belleza sigue expandi\u00e9ndose, y las investigaciones subrayan la importancia de prestar atenci\u00f3n a estos factores. Adoptar h\u00e1bitos saludables durante el sue\u00f1o puede resultar en beneficios visibles que van m\u00e1s all\u00e1 del tiempo de descanso.<\/p>\n<p>Abrir un di\u00e1logo sobre la relaci\u00f3n entre la postura del sue\u00f1o y la belleza invitando a las personas a cuidar no solo de su descanso, sino tambi\u00e9n de su salud est\u00e9tica, puede marcar un antes y un despu\u00e9s en la percepci\u00f3n del descanso dentro de la comunidad de la moda y el bienestar.<\/p>\n<p><em> &#8221; Fuentes www.vogue.com &#8221; <\/em><\/p>\n","protected":false},"excerpt":{"rendered":"<p>La Influencia del Sue\u00f1o Lateral en la Belleza Facial El cuidado de la piel y la est\u00e9tica se han convertido en temas centrales en la vida moderna, forjando una conexi\u00f3n entre el descanso adecuado y la apariencia f\u00edsica. Un aspecto intrigante que ha cobrado relevancia es c\u00f3mo la posici\u00f3n en la que dormimos puede influir [&hellip;]<\/p>\n","protected":false},"author":14,"featured_media":0,"comment_status":"open","ping_status":"closed","sticky":false,"template":"","format":"standard","meta":{"om_disable_all_campaigns":false,"jnews-multi-image_gallery":[],"jnews_single_post":[],"jnews_primary_category":[],"jnews_social_meta":[],"footnotes":""},"categories":[144872],"tags":[222540,244116,244117,244113,227895,147473,244112,81003,244115,244114,209],"class_list":["post-1033928","post","type-post","status-publish","format-standard","hentry","category-fashion","tag-beauty-treatment","tag-body-posture","tag-cosmetic-concerns","tag-face-asymmetry","tag-facial-aesthetics","tag-health-effects","tag-side-sleeping","tag-sleep","tag-sleep-habits","tag-sleep-positions","tag-wellness"],"_links":{"self":[{"href":"https:\/\/dimensionturistica.com\/es\/wp-json\/wp\/v2\/posts\/1033928","targetHints":{"allow":["GET"]}}],"collection":[{"href":"https:\/\/dimensionturistica.com\/es\/wp-json\/wp\/v2\/posts"}],"about":[{"href":"https:\/\/dimensionturistica.com\/es\/wp-json\/wp\/v2\/types\/post"}],"author":[{"embeddable":true,"href":"https:\/\/dimensionturistica.com\/es\/wp-json\/wp\/v2\/users\/14"}],"replies":[{"embeddable":true,"href":"https:\/\/dimensionturistica.com\/es\/wp-json\/wp\/v2\/comments?post=1033928"}],"version-history":[{"count":0,"href":"https:\/\/dimensionturistica.com\/es\/wp-json\/wp\/v2\/posts\/1033928\/revisions"}],"wp:attachment":[{"href":"https:\/\/dimensionturistica.com\/es\/wp-json\/wp\/v2\/media?parent=1033928"}],"wp:term":[{"taxonomy":"category","embeddable":true,"href":"https:\/\/dimensionturistica.com\/es\/wp-json\/wp\/v2\/categories?post=1033928"},{"taxonomy":"post_tag","embeddable":true,"href":"https:\/\/dimensionturistica.com\/es\/wp-json\/wp\/v2\/tags?post=1033928"}],"curies":[{"name":"wp","href":"https:\/\/api.w.org\/{rel}","templated":true}]}}