{"id":1033227,"date":"2025-08-24T11:49:37","date_gmt":"2025-08-24T11:49:37","guid":{"rendered":"https:\/\/dimensionturistica.com\/es\/?p=1033227"},"modified":"2025-08-24T11:49:37","modified_gmt":"2025-08-24T11:49:37","slug":"esta-disenado-para-separarse-del-entorno-exterior","status":"publish","type":"post","link":"https:\/\/dimensionturistica.com\/es\/esta-disenado-para-separarse-del-entorno-exterior\/","title":{"rendered":"Est\u00e1 dise\u00f1ado para separarse del entorno exterior."},"content":{"rendered":"<h3>Un Nuevo Destino en la Costa de C\u00e1diz<\/h3>\n<p>La Costa de C\u00e1diz, conocida por sus impresionantes paisajes y su rica herencia cultural, ha dado la bienvenida a un nuevo hotel que promete elevar la experiencia tur\u00edstica en esta m\u00e1gica regi\u00f3n. Ubicado en una de las \u00e1reas m\u00e1s emblem\u00e1ticas de la costa andaluza, este establecimiento se presenta como un oasis de confort y lujo, ideal tanto para viajeros en busca de relax como para aquellos que desean explorar la vibrante cultura gaditana.<\/p>\n<h4>Dise\u00f1o y Comodidades<\/h4>\n<p>La arquitectura del nuevo hotel es un reflejo del entorno natural que lo rodea. Con l\u00edneas modernas que se entrelazan con elementos tradicionales, el dise\u00f1o busca ofrecer un ambiente c\u00e1lido y acogedor. Las habitaciones, equipadas con todas las comodidades modernas, ofrecen vistas espectaculares del mar, permitiendo a los hu\u00e9spedes despertarse con el suave sonido de las olas y el c\u00e1lido sol andaluz.<\/p>\n<p>Adem\u00e1s, el hotel cuenta con una amplia gama de instalaciones, incluyendo piscinas, spa y \u00e1reas de ocio, donde los visitantes pueden relajarse y disfrutar del ambiente. La fusi\u00f3n de lujo y comodidad hace que cada estancia se convierta en una experiencia memorable.<\/p>\n<h4>Gastronom\u00eda Local<\/h4>\n<p>La oferta gastron\u00f3mica del hotel es otro de sus grandes atractivos. Los visitantes tendr\u00e1n la oportunidad de degustar platos t\u00edpicos de la regi\u00f3n, elaborados con ingredientes frescos y locales. Desde sabrosas tapas hasta acogedores almuerzos junto a la piscina, cada comida ser\u00e1 un viaje a trav\u00e9s de los sabores de Andaluc\u00eda.<\/p>\n<h4>Actividades en la Costa<\/h4>\n<p>M\u00e1s all\u00e1 de sus instalaciones, el hotel se erige como un punto de partida ideal para explorar la rica oferta cultural y natural de C\u00e1diz. Actividades como senderismo, paseos en bicicleta y deportes acu\u00e1ticos est\u00e1n a la orden del d\u00eda, lo que permite a los turistas sumergirse en la belleza natural de la costa. Tambi\u00e9n es posible recorrer los encantadores pueblos cercanos, donde la historia y la tradici\u00f3n se entrelazan en cada rinc\u00f3n.<\/p>\n<h4>Un Compromiso con la Sostenibilidad<\/h4>\n<p>En un mundo donde la sostenibilidad es cada vez m\u00e1s importante, el nuevo hotel se compromete a cuidar del entorno que lo rodea. Aplicando pr\u00e1cticas ecol\u00f3gicas en su operaci\u00f3n diaria, busca minimizar su huella ambiental y fomentar un turismo responsable.<\/p>\n<h4>Conclusi\u00f3n<\/h4>\n<p>La inauguraci\u00f3n de este hotel en la Costa de C\u00e1diz no solo enriquece la oferta tur\u00edstica de la regi\u00f3n, sino que tambi\u00e9n promueve un estilo de vida m\u00e1s sostenible y consciente. Con su encantadora propuesta y una locaci\u00f3n privilegiada, se perfila como el destino perfecto para quienes buscan combinar descanso, aventura y una inmersi\u00f3n en la cultura andaluza.<\/p>\n<p>Si est\u00e1s planeando tu pr\u00f3xima escapada, \u00bfpor qu\u00e9 no considerar este nuevo enclave en la Costa de C\u00e1diz? Te aseguramos que cada momento ser\u00e1 una celebraci\u00f3n del mar, la gastronom\u00eda y la calidez de la gente.<\/p>\n<p><em> &#8221; Fuentes viajes.nationalgeographic.com.es &#8221; <\/em><\/p>\n","protected":false},"excerpt":{"rendered":"<p>Un Nuevo Destino en la Costa de C\u00e1diz La Costa de C\u00e1diz, conocida por sus impresionantes paisajes y su rica herencia cultural, ha dado la bienvenida a un nuevo hotel que promete elevar la experiencia tur\u00edstica en esta m\u00e1gica regi\u00f3n. Ubicado en una de las \u00e1reas m\u00e1s emblem\u00e1ticas de la costa andaluza, este establecimiento se [&hellip;]<\/p>\n","protected":false},"author":4,"featured_media":1033228,"comment_status":"open","ping_status":"closed","sticky":false,"template":"","format":"standard","meta":{"om_disable_all_campaigns":false,"jnews-multi-image_gallery":[],"jnews_single_post":[],"jnews_primary_category":[],"jnews_social_meta":[],"footnotes":""},"categories":[39],"tags":[1721,710,5683,6643,126545,45773,797,5686,2189,7880,26664,17372,545],"class_list":["post-1033227","post","type-post","status-publish","format-standard","has-post-thumbnail","hentry","category-viajes","tag-aislamiento","tag-ciencia","tag-geographic","tag-historia","tag-introspeccion","tag-limites","tag-mundo","tag-national","tag-naturaleza","tag-proteccion","tag-reflexion","tag-soledad","tag-viajes"],"_links":{"self":[{"href":"https:\/\/dimensionturistica.com\/es\/wp-json\/wp\/v2\/posts\/1033227","targetHints":{"allow":["GET"]}}],"collection":[{"href":"https:\/\/dimensionturistica.com\/es\/wp-json\/wp\/v2\/posts"}],"about":[{"href":"https:\/\/dimensionturistica.com\/es\/wp-json\/wp\/v2\/types\/post"}],"author":[{"embeddable":true,"href":"https:\/\/dimensionturistica.com\/es\/wp-json\/wp\/v2\/users\/4"}],"replies":[{"embeddable":true,"href":"https:\/\/dimensionturistica.com\/es\/wp-json\/wp\/v2\/comments?post=1033227"}],"version-history":[{"count":0,"href":"https:\/\/dimensionturistica.com\/es\/wp-json\/wp\/v2\/posts\/1033227\/revisions"}],"wp:featuredmedia":[{"embeddable":true,"href":"https:\/\/dimensionturistica.com\/es\/wp-json\/wp\/v2\/media\/1033228"}],"wp:attachment":[{"href":"https:\/\/dimensionturistica.com\/es\/wp-json\/wp\/v2\/media?parent=1033227"}],"wp:term":[{"taxonomy":"category","embeddable":true,"href":"https:\/\/dimensionturistica.com\/es\/wp-json\/wp\/v2\/categories?post=1033227"},{"taxonomy":"post_tag","embeddable":true,"href":"https:\/\/dimensionturistica.com\/es\/wp-json\/wp\/v2\/tags?post=1033227"}],"curies":[{"name":"wp","href":"https:\/\/api.w.org\/{rel}","templated":true}]}}