{"id":103287,"date":"2021-03-27T13:28:33","date_gmt":"2021-03-27T13:28:33","guid":{"rendered":"https:\/\/dimensionturistica.com\/es\/?p=103287"},"modified":"2021-03-27T13:28:33","modified_gmt":"2021-03-27T13:28:33","slug":"buenas-expectativas-en-la-sierra-en-semana-santa-ante-la-sed-de-disfrutar-en-espacios-abiertos-huelva24","status":"publish","type":"post","link":"https:\/\/dimensionturistica.com\/es\/buenas-expectativas-en-la-sierra-en-semana-santa-ante-la-sed-de-disfrutar-en-espacios-abiertos-huelva24\/","title":{"rendered":"&#8220;Buenas expectativas&#8221; en la Sierra en Semana Santa ante la &#8216;sed&#8217; de disfrutar en espacios abiertos | Huelva24"},"content":{"rendered":"<p> <br \/>\n<\/p>\n<div>\n<p style=\"text-align:justify;\">\u00a0<\/p>\n<p style=\"text-align:justify;\">Sus parajes naturales, su rica despensa y el hecho de que 31 de los 36 municipios que conforman el distrito sanitario Sierra de Huelva-And\u00e9valo Central est\u00e9n libres de covid-19 contribuyen a que<strong> haya &#8220;buenas expectativas&#8221; en la comarca serrano, entre otros factores.<\/strong><\/p>\n<p style=\"text-align:justify;\">\u00a0<\/p>\n<p style=\"text-align:justify;\"><img decoding=\"async\" alt=\"[Img #272593]\" class=\"RichTextAlignLeft\" src=\"https:\/\/huelva24.com\/upload\/images\/03_2021\/5969_fotonoticia_20210327110506_1920-2.jpg\" style=\"height:242px;width:430px;\"\/>En declaraciones a Europa Press, el alcalde de <strong>Santa Ana la Actual, Jos\u00e9 Antonio Ramos<\/strong>, ha asegurado que las expectativas son &#8220;buenas&#8221; ante la Semana Santa ya que, pese a que las restricciones impedir\u00e1n la llegada de turistas de otras provincias, espera que <strong>los propios onubenses se acerquen a disfrutar de su bello paisaje y ruta de senderos.<\/strong><\/p>\n<p style=\"text-align:justify;\">\u00a0<\/p>\n<p style=\"text-align:justify;\">En este punto, el alcalde ha se\u00f1alado que la semana<strong> &#8220;se presenta bien&#8221; para la comarca,<\/strong> la cual se ofrece como el plan very best ante el Covid-19 al contar con <strong>una gran oferta de espacios y opciones<\/strong> para el disfrute al aire libre, de manera que las casas rurales se han convertido en una alternativa para estos d\u00edas.<\/p>\n<p style=\"text-align:justify;\">\u00a0<\/p>\n<p style=\"text-align:justify;\">En esta misma l\u00ednea se ha manifestado el alcalde de Aracena, Manuel Guerra, que ha remarcado que, al no permitirse la movilidad entre provincias,<strong> la ocupaci\u00f3n ser\u00e1 &#8220;muy limitada&#8221;<\/strong> ya que habitualmente la mayor parte de esos visitantes proceden de Sevilla, otras provincias de Andaluc\u00eda, Extremadura e incluso Madrid o Catalu\u00f1a.<\/p>\n<p style=\"text-align:justify;\">\u00a0<\/p>\n<p style=\"text-align:justify;\">Por ello, el primer edil ha indicado que, por ejemplo, las reservas para<strong> recursos tur\u00edsticos municipales como la Gruta de las Maravillas son &#8220;reducidas&#8221;,<\/strong> de manera que no se prev\u00e9 una gran afluencia de visitas esta Semana Santa.<\/p>\n<p style=\"text-align:justify;\">\u00a0<\/p>\n<p style=\"text-align:justify;\">De este modo, aunque <strong>aumente el turismo onubense respecto a otros a\u00f1os<\/strong>, el alcalde ha recordado que la Semana Santa period una \u00e9poca de<strong> gran n\u00famero de visitas y ocupaci\u00f3n hotelera en la comarca, <\/strong>por lo que, pese a que esperan la llegada de onubenses de otras localidades, no se podr\u00e1n alcanzar los datos tur\u00edsticos previos a la pandemia.<\/p>\n<p style=\"text-align:justify;\">\u00a0<\/p>\n<p><strong><span style=\"font-size:18px;\">Las casas rurales, la &#8220;opci\u00f3n preferida&#8221;<\/span><\/strong><\/p>\n<p style=\"text-align:justify;\">Tras remarcar que las casas rurales son &#8220;la opci\u00f3n preferida&#8221; en esta situaci\u00f3n de pandemia, Guerra ha recordado que esto tambi\u00e9n se vio el pasado verano. <strong>&#8220;Las casas rurales est\u00e1n teniendo una demanda con niveles m\u00e1s significativos que otros destinos tur\u00edsticos&#8221;, ha dicho.<\/strong><\/p>\n<p style=\"text-align:justify;\">\u00a0<\/p>\n<p style=\"text-align:justify;\">Por su parte, el presidente de la Asociaci\u00f3n de Alojamientos Tur\u00edsticos y Establecimientos Hoteleros (Aloja Huelva), integrada en la Federaci\u00f3n Onubense de Empresarios (FOE),<strong> Diego P\u00e9rez Barroso,<\/strong> ha asegurado que la situaci\u00f3n es &#8220;complicada&#8221; y que la actividad del sector ser\u00e1 &#8220;casi nula&#8221;.<\/p>\n<p style=\"text-align:justify;\">\u00a0<\/p>\n<p style=\"text-align:justify;\"><strong>&#8220;Los alojamientos rurales pueden salvar un poco la ocupaci\u00f3n&#8221; <\/strong>sobre todo en la Sierra, ha proseguido P\u00e9rez Barroso, que ha lamentado la dif\u00edcil coyuntura que afrontan.<\/p>\n<p style=\"text-align:justify;\">\u00a0<\/p>\n<p style=\"text-align:justify;\">Cuestionado por si cree que este esfuerzo ayudar\u00e1 a que la temporada de verano se haga en mejores condiciones, ha afirmado que tienen poca confianza debido al ritmo de la vacunaci\u00f3n que, de seguir como hasta ahora, &#8220;<strong>no permitir\u00e1 llegar al objetivo del 70 por ciento&#8221; de la poblaci\u00f3n vacunada y &#8220;el sector est\u00e1 muy tocado&#8221;. <\/strong>Por ello, se ha mostrado convencido de que este verano ser\u00e1 como el pasado con &#8220;inc\u00f3gnitas y reservas a \u00faltima hora&#8221;.<\/p>\n<\/div>\n\n<p><em> &#8221; Fuentes huelva24.com &#8221; <\/em><\/p>\n","protected":false},"excerpt":{"rendered":"<p>\u00a0 Sus parajes naturales, su rica despensa y el hecho de que 31 de los 36 municipios que conforman el distrito sanitario Sierra de Huelva-And\u00e9valo Central est\u00e9n libres de covid-19 contribuyen a que haya &#8220;buenas expectativas&#8221; en la comarca serrano, entre otros factores. \u00a0 En declaraciones a Europa Press, el alcalde de Santa Ana la [&hellip;]<\/p>\n","protected":false},"author":4,"featured_media":0,"comment_status":"open","ping_status":"closed","sticky":false,"template":"","format":"standard","meta":{"om_disable_all_campaigns":false,"jnews-multi-image_gallery":[],"jnews_single_post":[],"jnews_primary_category":[],"jnews_social_meta":[],"footnotes":""},"categories":[39],"tags":[20933,20935,20934,2946,5617],"class_list":["post-103287","post","type-post","status-publish","format-standard","hentry","category-viajes","tag-buenas-expectativas","tag-espacios-abiertos","tag-sed","tag-semana-santa","tag-sierra"],"_links":{"self":[{"href":"https:\/\/dimensionturistica.com\/es\/wp-json\/wp\/v2\/posts\/103287","targetHints":{"allow":["GET"]}}],"collection":[{"href":"https:\/\/dimensionturistica.com\/es\/wp-json\/wp\/v2\/posts"}],"about":[{"href":"https:\/\/dimensionturistica.com\/es\/wp-json\/wp\/v2\/types\/post"}],"author":[{"embeddable":true,"href":"https:\/\/dimensionturistica.com\/es\/wp-json\/wp\/v2\/users\/4"}],"replies":[{"embeddable":true,"href":"https:\/\/dimensionturistica.com\/es\/wp-json\/wp\/v2\/comments?post=103287"}],"version-history":[{"count":0,"href":"https:\/\/dimensionturistica.com\/es\/wp-json\/wp\/v2\/posts\/103287\/revisions"}],"wp:attachment":[{"href":"https:\/\/dimensionturistica.com\/es\/wp-json\/wp\/v2\/media?parent=103287"}],"wp:term":[{"taxonomy":"category","embeddable":true,"href":"https:\/\/dimensionturistica.com\/es\/wp-json\/wp\/v2\/categories?post=103287"},{"taxonomy":"post_tag","embeddable":true,"href":"https:\/\/dimensionturistica.com\/es\/wp-json\/wp\/v2\/tags?post=103287"}],"curies":[{"name":"wp","href":"https:\/\/api.w.org\/{rel}","templated":true}]}}