{"id":1032645,"date":"2025-11-07T14:24:32","date_gmt":"2025-11-07T14:24:32","guid":{"rendered":"https:\/\/dimensionturistica.com\/es\/?p=1032645"},"modified":"2025-11-07T14:24:32","modified_gmt":"2025-11-07T14:24:32","slug":"indrive-en-alianza-con-pro-mujer-acaba-de-anunciar-una-donacion-de-60000-dolares-para-apoyar-a-mujeres-emprendedoras-en-mexico-a-traves-de-su-programa-viajes-con-causa","status":"publish","type":"post","link":"https:\/\/dimensionturistica.com\/es\/indrive-en-alianza-con-pro-mujer-acaba-de-anunciar-una-donacion-de-60000-dolares-para-apoyar-a-mujeres-emprendedoras-en-mexico-a-traves-de-su-programa-viajes-con-causa\/","title":{"rendered":"inDrive, en alianza con Pro Mujer, acaba de anunciar una donaci\u00f3n de $60,000 d\u00f3lares para apoyar a mujeres emprendedoras en M\u00e9xico a trav\u00e9s de su programa Viajes con Causa."},"content":{"rendered":"\n<h2 class=\"wp-block-heading\"><\/h2>\n\n\n\n<figure class=\"wp-block-gallery has-nested-images columns-default is-cropped wp-block-gallery-1 is-layout-flex wp-block-gallery-is-layout-flex\">\n<figure class=\"wp-block-image size-large\"><img decoding=\"async\" width=\"500\" height=\"154\" data-id=\"1070874\" src=\"https:\/\/dimensionturistica.com\/es\/wp-content\/uploads\/2025\/08\/LOGO-2.jpg\" alt=\"\" class=\"wp-image-1070874\" srcset=\"https:\/\/dimensionturistica.com\/es\/wp-content\/uploads\/2025\/08\/LOGO-2.jpg 500w, https:\/\/dimensionturistica.com\/es\/wp-content\/uploads\/2025\/08\/LOGO-2-300x92.jpg 300w\" sizes=\"(max-width: 500px) 100vw, 500px\" \/><\/figure>\n<\/figure>\n\n\n\n<h2 class=\"wp-block-heading\">inDrive y Pro Mujer presentan los avances de la iniciativa Viajes con Causa, un programa que convierte cada trayecto en un aporte directo para apoyar a mujeres emprendedoras. Gracias a esta din\u00e1mica de \u201cviaja para donar\u201d, el programa ha beneficiado a m\u00e1s de 440 mujeres. Estas emprendedoras participan en un plan integral de formaci\u00f3n y mentor\u00eda dise\u00f1ado para fortalecer sus negocios. A la fecha, el fondo destinado a la causa asciende a $60,000 d\u00f3lares y se prev\u00e9 que el programa contin\u00fae creciendo para beneficiar a m\u00e1s mujeres en los pr\u00f3ximos meses.<\/h2>\n\n\n\n<p>En M\u00e9xico y Am\u00e9rica Latina, millones de mujeres sostienen la econom\u00eda desde el emprendimiento, pero la mayor\u00eda lo hace en condiciones desiguales. Persisten obst\u00e1culos como la falta de acceso a financiamiento, la carga desproporcionada de los cuidados y la baja formalizaci\u00f3n. Estos retos atraviesan distintas realidades, desde mujeres que impulsan peque\u00f1os negocios en las ciudades hasta emprendedoras rurales que buscan incorporarse a cadenas de valor inclusivas y sostenibles, muchas veces con alta dependencia de la informalidad y sin mecanismos de protecci\u00f3n social.<\/p>\n\n\n\n<p>En este \u00faltimo trimestre de 2025, inicia una nueva etapa del programa con un ciclo de capacitaciones dise\u00f1ado para responder a las necesidades m\u00e1s urgentes que enfrentan las emprendedoras en su camino de crecimiento. Esta fase contar\u00e1 con la participaci\u00f3n de periodistas altamente reconocidas, referentes del periodismo y la comunicaci\u00f3n en M\u00e9xico, que se suman como mentoras voluntarias: Arlenne Mu\u00f1oz, Fabiola Hidalgo y Martha Violante. Su trayectoria, credibilidad y liderazgo en medios de negocios, tecnolog\u00eda y emprendimiento aportar\u00e1n un valor \u00fanico, lo cual brinda a las participantes inspiraci\u00f3n y herramientas para fortalecer sus proyectos.<\/p>\n\n\n\n<figure class=\"wp-block-gallery has-nested-images columns-default is-cropped wp-block-gallery-2 is-layout-flex wp-block-gallery-is-layout-flex\">\n<figure class=\"wp-block-image size-large\"><img decoding=\"async\" width=\"500\" height=\"333\" data-id=\"1070875\" src=\"https:\/\/dimensionturistica.com\/es\/wp-content\/uploads\/2025\/08\/DRIVE.jpg\" alt=\"\" class=\"wp-image-1070875\" srcset=\"https:\/\/dimensionturistica.com\/es\/wp-content\/uploads\/2025\/08\/DRIVE.jpg 500w, https:\/\/dimensionturistica.com\/es\/wp-content\/uploads\/2025\/08\/DRIVE-300x200.jpg 300w\" sizes=\"(max-width: 500px) 100vw, 500px\" \/><\/figure>\n<\/figure>\n\n\n\n<p>\u201cLas mujeres somos motor de desarrollo. Con iniciativas como Viajes con Causa, convertimos la necesidad cotidiana de movernos en una oportunidad de construir un futuro m\u00e1s justo y solidario\u201d coment\u00f3 Martha Violante, directora editorial digital de Emprendedor.com y Alto Nivel.<\/p>\n\n\n\n<p>El entusiasmo y compromiso de las mentoras refuerza el valor de Viajes con Causa como un proyecto que no solo brinda capacitaci\u00f3n, sino que tambi\u00e9n inspira a las participantes a creer en su potencial y a visualizar un futuro m\u00e1s equitativo. Cada historia de \u00e9xito representa un paso hacia la transformaci\u00f3n colectiva.<\/p>\n\n\n\n<p>Rafael Garza, director general de inDrive en M\u00e9xico, agreg\u00f3: \u201cViajes con Causa demuestra que la movilidad puede trascender el transporte. Cada viaje se convierte en una oportunidad de apoyar y acompa\u00f1ar a mujeres que est\u00e1n transformando sus comunidades a trav\u00e9s del emprendimiento. Con esta iniciativa, generamos un impacto tangible que promueve un futuro m\u00e1s justo e inclusivo\u201d.<\/p>\n\n\n\n<p>Este esfuerzo se suma a otras acciones locales de inDrive que tambi\u00e9n destinan recursos a causas sociales, como Kil\u00f3metros con Causa, reforzando el compromiso de la compa\u00f1\u00eda de generar un impacto positivo m\u00e1s all\u00e1 de la movilidad. La alianza con Pro Mujer no solo atiende necesidades inmediatas de formaci\u00f3n y mentor\u00eda, sino que tambi\u00e9n construye una red de apoyo que inspira a m\u00e1s mujeres a crecer y liderar sus comunidades desde el emprendimiento.<\/p>\n\n\n\n<p><\/p>\n","protected":false},"excerpt":{"rendered":"<p>inDrive y Pro Mujer presentan los avances de la iniciativa Viajes con Causa, un programa que convierte cada trayecto en un aporte directo para apoyar a mujeres emprendedoras. Gracias a esta din\u00e1mica de \u201cviaja para donar\u201d, el programa ha beneficiado a m\u00e1s de 440 mujeres. Estas emprendedoras participan en un plan integral de formaci\u00f3n y [&hellip;]<\/p>\n","protected":false},"author":1,"featured_media":0,"comment_status":"open","ping_status":"closed","sticky":false,"template":"","format":"standard","meta":{"om_disable_all_campaigns":false,"jnews-multi-image_gallery":[],"jnews_single_post":{"format":"standard"},"jnews_primary_category":[],"jnews_social_meta":[],"footnotes":""},"categories":[40],"tags":[],"class_list":["post-1032645","post","type-post","status-publish","format-standard","hentry","category-industria"],"_links":{"self":[{"href":"https:\/\/dimensionturistica.com\/es\/wp-json\/wp\/v2\/posts\/1032645","targetHints":{"allow":["GET"]}}],"collection":[{"href":"https:\/\/dimensionturistica.com\/es\/wp-json\/wp\/v2\/posts"}],"about":[{"href":"https:\/\/dimensionturistica.com\/es\/wp-json\/wp\/v2\/types\/post"}],"author":[{"embeddable":true,"href":"https:\/\/dimensionturistica.com\/es\/wp-json\/wp\/v2\/users\/1"}],"replies":[{"embeddable":true,"href":"https:\/\/dimensionturistica.com\/es\/wp-json\/wp\/v2\/comments?post=1032645"}],"version-history":[{"count":1,"href":"https:\/\/dimensionturistica.com\/es\/wp-json\/wp\/v2\/posts\/1032645\/revisions"}],"predecessor-version":[{"id":1070876,"href":"https:\/\/dimensionturistica.com\/es\/wp-json\/wp\/v2\/posts\/1032645\/revisions\/1070876"}],"wp:attachment":[{"href":"https:\/\/dimensionturistica.com\/es\/wp-json\/wp\/v2\/media?parent=1032645"}],"wp:term":[{"taxonomy":"category","embeddable":true,"href":"https:\/\/dimensionturistica.com\/es\/wp-json\/wp\/v2\/categories?post=1032645"},{"taxonomy":"post_tag","embeddable":true,"href":"https:\/\/dimensionturistica.com\/es\/wp-json\/wp\/v2\/tags?post=1032645"}],"curies":[{"name":"wp","href":"https:\/\/api.w.org\/{rel}","templated":true}]}}