{"id":1032496,"date":"2025-08-22T05:58:03","date_gmt":"2025-08-22T05:58:03","guid":{"rendered":"https:\/\/dimensionturistica.com\/es\/?p=1032496"},"modified":"2025-08-22T05:58:03","modified_gmt":"2025-08-22T05:58:03","slug":"admira-el-esplendor-de-las-hojas-carmesi-y-el-magico-paisaje","status":"publish","type":"post","link":"https:\/\/dimensionturistica.com\/es\/admira-el-esplendor-de-las-hojas-carmesi-y-el-magico-paisaje\/","title":{"rendered":"Admira el esplendor de las hojas carmes\u00ed y el m\u00e1gico paisaje."},"content":{"rendered":"<p><strong>Descubriendo la Magia de Se\u00fal en Oto\u00f1o<\/strong><\/p>\n<p>Se\u00fal, la vibrante capital de Corea del Sur, se transforma en un verdadero poema visual durante el oto\u00f1o. Con su aire fresco y la promesa de paisajes cautivadores, esta ciudad se convierte en un destino ineludible para quienes buscan una experiencia tur\u00edstica \u00fanica en esta \u00e9poca del a\u00f1o.<\/p>\n<p><strong>Colores de Oto\u00f1o<\/strong><\/p>\n<p>El espect\u00e1culo del oto\u00f1o se manifiesta a trav\u00e9s de un espl\u00e9ndido despliegue de hojas doradas, rojas y naranjas que adornan los parques y calles de Se\u00fal. Desde el emblem\u00e1tico Parque Namsan, donde la Torre de Namsan se erige como un guardi\u00e1n del paisaje, hasta los apacibles senderos del Parque de la Paz, cada rinc\u00f3n de la ciudad ofrece vistas impresionantes. Las caminatas por estos espacios se transforman en un deleite para los sentidos, con el crujir de las hojas bajo los pies y el suave murmullo del viento.<\/p>\n<p><strong>Cultura en cada esquina<\/strong><\/p>\n<p>Pero la belleza natural no es el \u00fanico atractivo que ofrece Se\u00fal en oto\u00f1o. La atm\u00f3sfera cultural y la rica historia de la ciudad se fusionan con el entorno, creando un ambiente encantador. Los palacios, como Gyeongbokgung y Changdeokgung, adquieren un aura especial con su fondo de hojas ca\u00eddas, proporcionando el escenario perfecto para momentos de fotograf\u00eda memorables. Las visitas guiadas permiten descubrir no solo la arquitectura majestuosa, sino tambi\u00e9n las tradiciones que han perdurado a lo largo de los siglos.<\/p>\n<p><strong>Gastronom\u00eda de temporada<\/strong><\/p>\n<p>Cualquier viaje a Se\u00fal ser\u00eda incompleto sin sumergirse en su variada oferta gastron\u00f3mica. El oto\u00f1o trae consigo una selecci\u00f3n de platos que deleitan el paladar. Los mercados callejeros son el lugar ideal para probar delicias como el &#8220;hotteok&#8221;, un tipo de pancake dulce relleno, y las casta\u00f1as asadas que calientan el cuerpo en las frescas noches. Las ferias de temporada tambi\u00e9n ofrecen productos frescos y locales, donde se pueden adquirir ingredientes t\u00edpicos para llevar un poco de Corea a casa.<\/p>\n<p><strong>Festivales y celebraciones<\/strong><\/p>\n<p>La llegada del oto\u00f1o tambi\u00e9n significa festivales. Durante esta \u00e9poca, la ciudad celebra eventos que resaltan la cultura y las tradiciones coreanas. Desde shows de luces y m\u00fasica hasta actividades al aire libre, cada festividad brinda la oportunidad de conectar con la esencia de la vida local. Participar en estas celebraciones es una manera efectiva de conocer a los habitantes de Se\u00fal y comprender su esp\u00edritu.<\/p>\n<p><strong>Conclusion<\/strong><\/p>\n<p>Descubrir Se\u00fal en oto\u00f1o es dejarse envolver por un c\u00famulo de sensaciones. La combinaci\u00f3n de paisajes deslumbrantes, cultura rica, gastronom\u00eda exquisita y festivales llenos de vida hace de esta ciudad un destino inolvidable. As\u00ed que, si piensas en una escapada, considera a Se\u00fal y perm\u00edtete vivir la experiencia de un oto\u00f1o que nunca olvidar\u00e1s.<\/p>\n<p><em> &#8221; Fuentes www.vietnam.vn &#8221; <\/em><\/p>\n","protected":false},"excerpt":{"rendered":"<p>Descubriendo la Magia de Se\u00fal en Oto\u00f1o Se\u00fal, la vibrante capital de Corea del Sur, se transforma en un verdadero poema visual durante el oto\u00f1o. Con su aire fresco y la promesa de paisajes cautivadores, esta ciudad se convierte en un destino ineludible para quienes buscan una experiencia tur\u00edstica \u00fanica en esta \u00e9poca del a\u00f1o. [&hellip;]<\/p>\n","protected":false},"author":4,"featured_media":1032497,"comment_status":"open","ping_status":"closed","sticky":false,"template":"","format":"standard","meta":{"om_disable_all_campaigns":false,"jnews-multi-image_gallery":[],"jnews_single_post":[],"jnews_primary_category":[],"jnews_social_meta":[],"footnotes":""},"categories":[39],"tags":[3381,20749,6209,243677,2189,4330,243678,190762,3744,13094,544,243676],"class_list":["post-1032496","post","type-post","status-publish","format-standard","has-post-thumbnail","hentry","category-viajes","tag-belleza","tag-corea","tag-fotografia","tag-hojas-rojas","tag-naturaleza","tag-otono","tag-paisaje-encantador","tag-paisajismo","tag-relax","tag-seul","tag-turismo","tag-viajes-a-seul"],"_links":{"self":[{"href":"https:\/\/dimensionturistica.com\/es\/wp-json\/wp\/v2\/posts\/1032496","targetHints":{"allow":["GET"]}}],"collection":[{"href":"https:\/\/dimensionturistica.com\/es\/wp-json\/wp\/v2\/posts"}],"about":[{"href":"https:\/\/dimensionturistica.com\/es\/wp-json\/wp\/v2\/types\/post"}],"author":[{"embeddable":true,"href":"https:\/\/dimensionturistica.com\/es\/wp-json\/wp\/v2\/users\/4"}],"replies":[{"embeddable":true,"href":"https:\/\/dimensionturistica.com\/es\/wp-json\/wp\/v2\/comments?post=1032496"}],"version-history":[{"count":0,"href":"https:\/\/dimensionturistica.com\/es\/wp-json\/wp\/v2\/posts\/1032496\/revisions"}],"wp:featuredmedia":[{"embeddable":true,"href":"https:\/\/dimensionturistica.com\/es\/wp-json\/wp\/v2\/media\/1032497"}],"wp:attachment":[{"href":"https:\/\/dimensionturistica.com\/es\/wp-json\/wp\/v2\/media?parent=1032496"}],"wp:term":[{"taxonomy":"category","embeddable":true,"href":"https:\/\/dimensionturistica.com\/es\/wp-json\/wp\/v2\/categories?post=1032496"},{"taxonomy":"post_tag","embeddable":true,"href":"https:\/\/dimensionturistica.com\/es\/wp-json\/wp\/v2\/tags?post=1032496"}],"curies":[{"name":"wp","href":"https:\/\/api.w.org\/{rel}","templated":true}]}}