{"id":1032208,"date":"2025-08-21T18:04:55","date_gmt":"2025-08-21T18:04:55","guid":{"rendered":"https:\/\/dimensionturistica.com\/es\/?p=1032208"},"modified":"2025-08-21T18:04:55","modified_gmt":"2025-08-21T18:04:55","slug":"lanzamiento-del-primer-programa-de-formacion-maritima-en-belfast","status":"publish","type":"post","link":"https:\/\/dimensionturistica.com\/es\/lanzamiento-del-primer-programa-de-formacion-maritima-en-belfast\/","title":{"rendered":"Lanzamiento del primer programa de formaci\u00f3n mar\u00edtima en Belfast."},"content":{"rendered":"<h3>Descubriendo Belfast: Un Nuevo Horizonte Educativo en sus Puertos<\/h3>\n<p>Belfast, la capital de Irlanda del Norte, ha dado un paso significativo hacia el futuro con la reciente inauguraci\u00f3n de un innovador programa educativo portuario. Este ambicioso proyecto no solo busca diversificar las oportunidades de aprendizaje para los j\u00f3venes, sino tambi\u00e9n resaltar la importancia hist\u00f3rica y econ\u00f3mica del puerto en la cultura local.<\/p>\n<p>Con una rica herencia mar\u00edtima, Belfast ha evolucionado de ser un centro de construcci\u00f3n naval a convertirse en un importante nodo de comercio y turismo. Gracias a este programa, los estudiantes podr\u00e1n explorar de cerca las din\u00e1micas de la industria portuaria, adquiriendo conocimientos pr\u00e1cticos que van desde la log\u00edstica hasta la sostenibilidad ambiental.<\/p>\n<p>La inclusi\u00f3n de actividades educativas en el entorno portuario ofrece a los j\u00f3venes una experiencia \u00fanica. Imagina a los estudiantes aprendiendo sobre la ingenier\u00eda de embarcaciones, la gesti\u00f3n de importaciones y exportaciones, as\u00ed como las tecnolog\u00edas emergentes que est\u00e1n transformando el sector. Este enfoque multidisciplinario est\u00e1 dise\u00f1ado para equipar a la nueva generaci\u00f3n con herramientas esenciales en un mundo laboral en constante evoluci\u00f3n.<\/p>\n<p>Adem\u00e1s, este programa no solo se limita al aprendizaje formal. Se planean visitas interactivas a las instalaciones portuarias, donde los j\u00f3venes podr\u00e1n interactuar con profesionales del sector. Tales encuentros son invaluables, ya que permiten a los estudiantes visualizar su futuro en un campo lleno de posibilidades.<\/p>\n<p>Belfast, que ha sabido reinventarse a lo largo de los a\u00f1os, se convierte as\u00ed en un modelo de innovaci\u00f3n educativa. La colaboraci\u00f3n entre instituciones educativas y la autoridad portuaria refleja un compromiso conjunto por potenciar el desarrollo local. Este esfuerzo no solo mejorar\u00e1 las competencias laborales de los participantes, sino que tambi\u00e9n impulsar\u00e1 la econom\u00eda de la regi\u00f3n al fortalecer el v\u00ednculo entre educaci\u00f3n y empleo.<\/p>\n<p>El turismo tambi\u00e9n se beneficiar\u00e1 enormemente de esta iniciativa. Al atraer a m\u00e1s j\u00f3venes interesados en el sector, Belfast se posiciona como un destino atractivo para futuros profesionales del transporte y la log\u00edstica. Asimismo, los visitantes podr\u00e1n disfrutar de un programa educativo que resalta la historia y el impacto actual del puerto, convirti\u00e9ndose en un atractivo cultural por derecho propio.<\/p>\n<p>El compromiso por la educaci\u00f3n y la formaci\u00f3n encaminada a la sostenibilidad es m\u00e1s relevante que nunca. A medida que las ciudades buscan adaptarse a los desaf\u00edos del cambio clim\u00e1tico y la globalizaci\u00f3n, iniciativas como la de Belfast son un ejemplo a seguir. Este enfoque no solo ayuda a educar a la pr\u00f3xima generaci\u00f3n, sino que tambi\u00e9n promueve la responsabilidad social y la conciencia ambiental.<\/p>\n<p>En conclusi\u00f3n, Belfast est\u00e1 marcando tendencias en su enfoque hacia la educaci\u00f3n portuaria, abriendo un nuevo cap\u00edtulo en la historia de sus puertos. La iniciativa representa una oportunidad brillante tanto para los j\u00f3venes como para la comunidad en general, y sin duda, se convertir\u00e1 en un referente en el \u00e1mbito tur\u00edstico y educativo. A medida que contin\u00faas explorando esta vibrante ciudad, no dejes de considerar las historias que emergen de sus muelles, donde el aprendizaje y la tradici\u00f3n se entrelazan en una experiencia inolvidable.<\/p>\n<p><em> &#8221; Fuentes columnadigital.com &#8221; <\/em><\/p>\n","protected":false},"excerpt":{"rendered":"<p>Descubriendo Belfast: Un Nuevo Horizonte Educativo en sus Puertos Belfast, la capital de Irlanda del Norte, ha dado un paso significativo hacia el futuro con la reciente inauguraci\u00f3n de un innovador programa educativo portuario. Este ambicioso proyecto no solo busca diversificar las oportunidades de aprendizaje para los j\u00f3venes, sino tambi\u00e9n resaltar la importancia hist\u00f3rica y [&hellip;]<\/p>\n","protected":false},"author":4,"featured_media":1032209,"comment_status":"open","ping_status":"closed","sticky":false,"template":"","format":"standard","meta":{"om_disable_all_campaigns":false,"jnews-multi-image_gallery":[],"jnews_single_post":[],"jnews_primary_category":[],"jnews_social_meta":[],"footnotes":""},"categories":[39],"tags":[32611,5619,4569,233985,174225,24589,97392,3336,15909,62596,16438,25974,4038,45281,243551,1411],"class_list":["post-1032208","post","type-post","status-publish","format-standard","has-post-thumbnail","hentry","category-viajes","tag-belfast","tag-capacitacion","tag-colaboracion","tag-columna-digital","tag-cruise-europe","tag-desarrollo-comunitario","tag-dimension-turistica-magazine","tag-educacion","tag-establecimiento","tag-formacion-profesional","tag-inauguracion","tag-intercambio","tag-logistica","tag-portuario","tag-programa-educativo","tag-puerto"],"_links":{"self":[{"href":"https:\/\/dimensionturistica.com\/es\/wp-json\/wp\/v2\/posts\/1032208","targetHints":{"allow":["GET"]}}],"collection":[{"href":"https:\/\/dimensionturistica.com\/es\/wp-json\/wp\/v2\/posts"}],"about":[{"href":"https:\/\/dimensionturistica.com\/es\/wp-json\/wp\/v2\/types\/post"}],"author":[{"embeddable":true,"href":"https:\/\/dimensionturistica.com\/es\/wp-json\/wp\/v2\/users\/4"}],"replies":[{"embeddable":true,"href":"https:\/\/dimensionturistica.com\/es\/wp-json\/wp\/v2\/comments?post=1032208"}],"version-history":[{"count":0,"href":"https:\/\/dimensionturistica.com\/es\/wp-json\/wp\/v2\/posts\/1032208\/revisions"}],"wp:featuredmedia":[{"embeddable":true,"href":"https:\/\/dimensionturistica.com\/es\/wp-json\/wp\/v2\/media\/1032209"}],"wp:attachment":[{"href":"https:\/\/dimensionturistica.com\/es\/wp-json\/wp\/v2\/media?parent=1032208"}],"wp:term":[{"taxonomy":"category","embeddable":true,"href":"https:\/\/dimensionturistica.com\/es\/wp-json\/wp\/v2\/categories?post=1032208"},{"taxonomy":"post_tag","embeddable":true,"href":"https:\/\/dimensionturistica.com\/es\/wp-json\/wp\/v2\/tags?post=1032208"}],"curies":[{"name":"wp","href":"https:\/\/api.w.org\/{rel}","templated":true}]}}