{"id":1031742,"date":"2025-08-21T07:16:08","date_gmt":"2025-08-21T07:16:08","guid":{"rendered":"https:\/\/dimensionturistica.com\/es\/?p=1031742"},"modified":"2025-08-21T07:16:08","modified_gmt":"2025-08-21T07:16:08","slug":"el-inicio-del-nuevo-ano-academico-ofrecera-transporte-sin-costo-para-ninos-menores-de-15-anos-y-un-40-de-reduccion-para-los-demas","status":"publish","type":"post","link":"https:\/\/dimensionturistica.com\/es\/el-inicio-del-nuevo-ano-academico-ofrecera-transporte-sin-costo-para-ninos-menores-de-15-anos-y-un-40-de-reduccion-para-los-demas\/","title":{"rendered":"El inicio del nuevo a\u00f1o acad\u00e9mico ofrecer\u00e1 transporte sin costo para ni\u00f1os menores de 15 a\u00f1os y un 40% de reducci\u00f3n para los dem\u00e1s."},"content":{"rendered":"<h3>Un Viaje Educativo: La Innovadora Iniciativa de Escuelas Viajeras<\/h3>\n<p>Con el inicio del nuevo curso escolar en el horizonte, las miradas se centran en una propuesta revolucionaria que podr\u00eda transformar la forma en que los estudiantes experimentan su educaci\u00f3n. Imagina un aula que no solo se limita a cuatro paredes, sino que se expande por paisajes llenos de historia, cultura y naturaleza. Esta es la visi\u00f3n detr\u00e1s del concepto de &#8220;escuelas viajeras&#8221;, un enfoque que combina aprendizaje acad\u00e9mico con la rica experiencia de viajar.<\/p>\n<h4>Aprendizaje en la Ruta<\/h4>\n<p>La idea es simple pero poderosa: llevar a los estudiantes a destinos que complementen su educaci\u00f3n. En lugar de estudiar \u00fanicamente desde libros de texto, los alumnos tendr\u00e1n la oportunidad de vivir la historia, la ciencia y la cultura en primera persona. \u00bfQu\u00e9 mejor manera de aprender sobre la Edad Media que visitando castillos y monumentos hist\u00f3ricos? O, \u00bfc\u00f3mo entender mejor la biodiversidad que explorando ecosistemas en su propio entorno natural? El viaje se convierte as\u00ed en una extensi\u00f3n del aula, donde cada experiencia es una lecci\u00f3n.<\/p>\n<h4>Beneficios Cognitivos y Personales<\/h4>\n<p>Numerosos estudios han demostrado que el aprendizaje a trav\u00e9s de la experiencia promueve una comprensi\u00f3n m\u00e1s profunda y duradera. Al viajar, los estudiantes son estimulados no solo intelectualmente, sino tambi\u00e9n emocionalmente. Desarrollan habilidades sociales, como la empat\u00eda y la comunicaci\u00f3n, adem\u00e1s de aumentar su curiosidad y capacidad de adaptaci\u00f3n. Estas son competencias esenciales en un mundo globalizado. Adem\u00e1s, salir de la zona de confort puede ayudar a los j\u00f3venes a cimentar su autoestima y fomentar la independencia.<\/p>\n<h4>Un Modelo Inclusivo<\/h4>\n<p>Esta propuesta no solo busca enriquecer la educaci\u00f3n de los ni\u00f1os, sino que tambi\u00e9n se plantea como un modelo inclusivo. Se busca brindar a todos los estudiantes, independientemente de su contexto socioecon\u00f3mico, la oportunidad de enriquecer su formaci\u00f3n mediante los viajes. Las escuelas podr\u00edan colaborar con diferentes organizaciones y entidades para ofrecer programas de becas o apoyo que aseguren que todos tengan acceso a estas experiencias. En un mundo donde el turismo educativo a menudo est\u00e1 limitado por recursos, este enfoque puede ser un cambio significativo hacia una educaci\u00f3n m\u00e1s equitativa.<\/p>\n<h4>En Caminos Hacia el Futuro<\/h4>\n<p>El inicio de este innovador sistema de &#8220;escuelas viajeras&#8221; tambi\u00e9n pone de relieve la necesidad de un turismo m\u00e1s sostenible y consciente. Integrar la educaci\u00f3n con el turismo implica una responsabilidad compartida para preservar los destinos y su cultura. As\u00ed, la experiencia de viajar no solo se convierte en un aprendizaje, sino tambi\u00e9n en un acto de respeto hacia los lugares que se visitan. <\/p>\n<p>Los viajes pueden incorporar pr\u00e1cticas sostenibles y responsables, educando a los estudiantes sobre la importancia de cuidar nuestro planeta y las comunidades que lo habitan. As\u00ed, cada viaje se transforma en una oportunidad para formar ciudadanos globales, preocupados y conscientes.<\/p>\n<h3>Conclusiones<\/h3>\n<p>El concepto de &#8220;escuelas viajeras&#8221; promete revolucionar la educaci\u00f3n, ofreciendo a los estudiantes la posibilidad de aprender de una manera envolvente y significativa. A medida que se acerca el nuevo curso escolar, ser\u00e1 fascinante ver c\u00f3mo esta propuesta se materializa y qu\u00e9 impacto tendr\u00e1 en las generaciones futuras. Al final, el conocimiento adquirido fuera del aula puede ser tan valioso como el obtenido en ella, moldeando no solo acad\u00e9micos, sino tambi\u00e9n individuos comprometidos y concienciados. Sin duda, el aprendizaje en movimiento es un viaje que vale la pena emprender.<\/p>\n<p><em> &#8221; Fuentes www.noticiasdegipuzkoa.eus &#8221; <\/em><\/p>\n","protected":false},"excerpt":{"rendered":"<p>Un Viaje Educativo: La Innovadora Iniciativa de Escuelas Viajeras Con el inicio del nuevo curso escolar en el horizonte, las miradas se centran en una propuesta revolucionaria que podr\u00eda transformar la forma en que los estudiantes experimentan su educaci\u00f3n. Imagina un aula que no solo se limita a cuatro paredes, sino que se expande por [&hellip;]<\/p>\n","protected":false},"author":4,"featured_media":1031743,"comment_status":"open","ping_status":"closed","sticky":false,"template":"","format":"standard","meta":{"om_disable_all_campaigns":false,"jnews-multi-image_gallery":[],"jnews_single_post":[],"jnews_primary_category":[],"jnews_social_meta":[],"footnotes":""},"categories":[39],"tags":[8638,243415,1793,7665,243416,4082,3336,11829,6791,10870,760,243417,653,545,1959],"class_list":["post-1031742","post","type-post","status-publish","format-standard","has-post-thumbnail","hentry","category-viajes","tag-ahorro","tag-arrancara","tag-beneficios","tag-curso","tag-curso-escolar","tag-descuentos","tag-educacion","tag-escolar","tag-escuela","tag-menores","tag-nuevo","tag-politica-juvenil","tag-transporte","tag-viajes","tag-viajes-gratis"],"_links":{"self":[{"href":"https:\/\/dimensionturistica.com\/es\/wp-json\/wp\/v2\/posts\/1031742","targetHints":{"allow":["GET"]}}],"collection":[{"href":"https:\/\/dimensionturistica.com\/es\/wp-json\/wp\/v2\/posts"}],"about":[{"href":"https:\/\/dimensionturistica.com\/es\/wp-json\/wp\/v2\/types\/post"}],"author":[{"embeddable":true,"href":"https:\/\/dimensionturistica.com\/es\/wp-json\/wp\/v2\/users\/4"}],"replies":[{"embeddable":true,"href":"https:\/\/dimensionturistica.com\/es\/wp-json\/wp\/v2\/comments?post=1031742"}],"version-history":[{"count":0,"href":"https:\/\/dimensionturistica.com\/es\/wp-json\/wp\/v2\/posts\/1031742\/revisions"}],"wp:featuredmedia":[{"embeddable":true,"href":"https:\/\/dimensionturistica.com\/es\/wp-json\/wp\/v2\/media\/1031743"}],"wp:attachment":[{"href":"https:\/\/dimensionturistica.com\/es\/wp-json\/wp\/v2\/media?parent=1031742"}],"wp:term":[{"taxonomy":"category","embeddable":true,"href":"https:\/\/dimensionturistica.com\/es\/wp-json\/wp\/v2\/categories?post=1031742"},{"taxonomy":"post_tag","embeddable":true,"href":"https:\/\/dimensionturistica.com\/es\/wp-json\/wp\/v2\/tags?post=1031742"}],"curies":[{"name":"wp","href":"https:\/\/api.w.org\/{rel}","templated":true}]}}