{"id":103136,"date":"2021-03-27T03:32:30","date_gmt":"2021-03-27T03:32:30","guid":{"rendered":"https:\/\/dimensionturistica.com\/es\/?p=103136"},"modified":"2021-03-27T03:32:30","modified_gmt":"2021-03-27T03:32:30","slug":"pandemia-posiciona-a-agencias-de-viaje","status":"publish","type":"post","link":"https:\/\/dimensionturistica.com\/es\/pandemia-posiciona-a-agencias-de-viaje\/","title":{"rendered":"Pandemia posiciona a agencias de viaje"},"content":{"rendered":"<p> <br \/>\n<\/p>\n<div id=\"\">\n<figure><img decoding=\"async\" src=\"https:\/\/www.elsiglodedurango.com.mx\/m\/i\/2021\/03\/966913.jpeg\" alt=\"Pandemia posiciona a agencias de viaje\" title=\"Pandemia posiciona a agencias de viaje\"\/><\/figure>\n<p>Las agencias de viajes se enfrentaron a una dr\u00e1stica ca\u00edda con el aumento del servicio por web, al grado de que se especul\u00f3 sobre su desaparici\u00f3n, pues los usuarios pod\u00edan armar sus paquetes de hospedaje y traslado desde una computadora, sin embargo, la pandemia por COVID-19 les ofreci\u00f3 una oportunidad de demostrar que los beneficios del contacto directo y el servicio personalizado.<\/p>\n<p>Marisela Castro Segovia, presidenta de la Asociaci\u00f3n Mexicana de Agencias de Viajes (AMAV) Coahuila, dijo que la contingencia sanitaria implic\u00f3 muchos cambios y sin duda las cosas ya no volver\u00e1n a un modelo tradicional, pero indic\u00f3 que muchas lograron volverse aliadas de los clientes y llevarles de la mano en el viaje.<\/p>\n<p>&#8220;Cuando las otras no respondieron, nosotros fuimos quienes estuvimos ayudando a todas aquellas personas que se quedaron varadas, aunque no fueran nuestros clientes, eso fue muy importante, muchas veces dijeron que las agencias tradicionales iban a desaparecer, pero en esta pandemia se vino a dar cuenta la gente de que necesitan algo personalizado, no s\u00f3lo que te lleven de llamada en llamada sino que sea un trato personalizado, que te atienda d\u00eda y noche&#8221;, coment\u00f3.<\/p>\n<p>Se\u00f1al\u00f3 que, en el marco de la Semana Santa, el objetivo es que la derrama econ\u00f3mica se quede en el estado, por lo que se ha hecho una fuerte promoci\u00f3n en los Pueblos M\u00e1gicos y s\u00ed ha habido mucho inter\u00e9s de visitarlos, aunque siguen siendo solicitados los destinos de playa, como son Canc\u00fan y Mazatl\u00e1n, especialmente \u00e9ste \u00faltimo es el de mayor demanda de los laguneros.<\/p>\n<p>&#8220;La gente est\u00e1 muy interesada en viajar, fue un a\u00f1o muy dif\u00edcil el a\u00f1o pasado, entonces s\u00ed hay mucho entusiasmo de viajar familias completas&#8221;, coment\u00f3.<\/p>\n<p>Refiri\u00f3 que Coahuila est\u00e1 preparado con certificaciones en agencias de viajes, tour operadores, por lo que se cuenta con todos los protocolos necesarios para recibirlos y cuidar la salud de los visitantes y de los colaboradores.<\/p>\n<p>Castro Segovia dijo que durante la pandemia por COVID-19 se aprovech\u00f3 la suspensi\u00f3n que sufri\u00f3 el turismo para recibir capacitaciones y certificarse en los temas de seguridad y sanidad, por lo que este a\u00f1o hay una buena perspectiva para la Semana Santa.<\/p>\n<p>La presidenta de la AMAV dijo que del 27 al 30 de mayo del presente a\u00f1o se tiene contemplada la Convenci\u00f3n Nacional de Agencias de Viajes, que se realizar\u00e1 en la ciudad de Saltillo, con la asistencia de aproximadamente 350 personas, entre mayoristas y agencias de viajes nacionales e internacionales, por lo que se tendr\u00e1 la oportunidad de hacer alianzas en t\u00e9rminos del servicio tur\u00edstico.<\/p>\n<p>\n<button data-emo=\"1\" data-no=\"0\" id=\"emo1\" class=\"emos btn btn-outline-secondary mb-2\">&#x1f44d; me gusta <small\/><\/button><br \/>\n<button data-emo=\"2\" data-no=\"0\" id=\"emo2\" class=\"emos btn btn-outline-secondary mb-2\">&#x1f60d; me encanta <small\/><\/button><br \/>\n<button data-emo=\"3\" data-no=\"0\" id=\"emo3\" class=\"emos btn btn-outline-secondary mb-2\">&#x1f923; divertido <small\/><\/button><br \/>\n<button data-emo=\"4\" data-no=\"0\" id=\"emo4\" class=\"emos btn btn-outline-secondary mb-2\">&#x1f62e; sorprendido <small\/><\/button><br \/>\n<button data-emo=\"5\" data-no=\"0\" id=\"emo5\" class=\"emos btn btn-outline-secondary mb-2\">&#x1f621; enojado <small\/><\/button><br \/>\n<button data-emo=\"6\" data-no=\"0\" id=\"emo6\" class=\"emos btn btn-outline-secondary mb-2\">&#x1f622; triste <small\/><\/button><\/p>\n<h6 class=\"small\"\/>\n<figure><img decoding=\"async\" src=\"https:\/\/www.elsiglodedurango.com.mx\/m\/i\/2021\/03\/966913.jpeg\" class=\"lazy\" alt=\"Pandemia posiciona a agencias de viaje\" title=\"Pandemia posiciona a agencias de viaje\"\/><figcaption>Las agencias de viajes promueven la visita a los Pueblos M\u00e1gicos en el estado, pero el destino favorito de los laguneros sigue siendo Mazatl\u00e1n. (ARCHIVO) <\/figcaption><\/figure>\n<p class=\"text-muted\">Finanzas, CORONAVIRUS, Covid-19, agencias de viaje<\/p>\n<\/div>\n\n<p><em> &#8221; Fuentes www.elsiglodedurango.com.mx &#8221; <\/em><\/p>\n","protected":false},"excerpt":{"rendered":"<p>Las agencias de viajes se enfrentaron a una dr\u00e1stica ca\u00edda con el aumento del servicio por web, al grado de que se especul\u00f3 sobre su desaparici\u00f3n, pues los usuarios pod\u00edan armar sus paquetes de hospedaje y traslado desde una computadora, sin embargo, la pandemia por COVID-19 les ofreci\u00f3 una oportunidad de demostrar que los beneficios [&hellip;]<\/p>\n","protected":false},"author":4,"featured_media":103137,"comment_status":"open","ping_status":"closed","sticky":false,"template":"","format":"standard","meta":{"om_disable_all_campaigns":false,"jnews-multi-image_gallery":[],"jnews_single_post":[],"jnews_primary_category":[],"jnews_social_meta":[],"footnotes":""},"categories":[40],"tags":[783,55,510,1932],"class_list":["post-103136","post","type-post","status-publish","format-standard","has-post-thumbnail","hentry","category-industria","tag-agencias-de-viaje","tag-coronavirus","tag-covid-19","tag-finanzas"],"_links":{"self":[{"href":"https:\/\/dimensionturistica.com\/es\/wp-json\/wp\/v2\/posts\/103136","targetHints":{"allow":["GET"]}}],"collection":[{"href":"https:\/\/dimensionturistica.com\/es\/wp-json\/wp\/v2\/posts"}],"about":[{"href":"https:\/\/dimensionturistica.com\/es\/wp-json\/wp\/v2\/types\/post"}],"author":[{"embeddable":true,"href":"https:\/\/dimensionturistica.com\/es\/wp-json\/wp\/v2\/users\/4"}],"replies":[{"embeddable":true,"href":"https:\/\/dimensionturistica.com\/es\/wp-json\/wp\/v2\/comments?post=103136"}],"version-history":[{"count":0,"href":"https:\/\/dimensionturistica.com\/es\/wp-json\/wp\/v2\/posts\/103136\/revisions"}],"wp:featuredmedia":[{"embeddable":true,"href":"https:\/\/dimensionturistica.com\/es\/wp-json\/wp\/v2\/media\/103137"}],"wp:attachment":[{"href":"https:\/\/dimensionturistica.com\/es\/wp-json\/wp\/v2\/media?parent=103136"}],"wp:term":[{"taxonomy":"category","embeddable":true,"href":"https:\/\/dimensionturistica.com\/es\/wp-json\/wp\/v2\/categories?post=103136"},{"taxonomy":"post_tag","embeddable":true,"href":"https:\/\/dimensionturistica.com\/es\/wp-json\/wp\/v2\/tags?post=103136"}],"curies":[{"name":"wp","href":"https:\/\/api.w.org\/{rel}","templated":true}]}}