{"id":103083,"date":"2021-03-27T00:02:49","date_gmt":"2021-03-27T00:02:49","guid":{"rendered":"https:\/\/dimensionturistica.com\/es\/?p=103083"},"modified":"2021-03-27T00:02:49","modified_gmt":"2021-03-27T00:02:49","slug":"el-papel-de-los-agentes-de-viajes-sera-mucho-mas-importante-segun-amadeus","status":"publish","type":"post","link":"https:\/\/dimensionturistica.com\/es\/el-papel-de-los-agentes-de-viajes-sera-mucho-mas-importante-segun-amadeus\/","title":{"rendered":"El papel de los agentes de viajes ser\u00e1 mucho m\u00e1s importante, seg\u00fan Amadeus"},"content":{"rendered":"<p> <br \/>\n<\/p>\n<div id=\"textoNoticia\" itemprop=\"articleBody\">\n<blockquote><p>&#13;<\/p>\n<p>Gran parte de los usuarios agradecer\u00eda tener contacto con su agente durante la realizaci\u00f3n del viajes<\/p>\n<p>&#13;\n<\/p><\/blockquote>\n<p>La mayor\u00eda de los viajeros de la period postcovid-19 aseguran que <strong>confiar\u00e1n en los agentes de viajes para realizar sus reservas<\/strong>, <a rel=\"nofollow noopener\" target=\"_blank\" href=\"https:\/\/www.nexotur.com\/noticia\/109296\/nexotur\/noticia\/109073\/NEXOTUR\/Amadeus:-La-omnicanalidad-clave-para-la-recuperacion-de-las-agencias-de-viajes.html\">seg\u00fan el estudio \u2018Destination X: \u00bfHacia d\u00f3nde vamos? Qu\u00e9 buscan los viajeros de ocio en la era del Covid-19\u2019, de Amadeus.<\/a> Concretamente, el 70% de los encuestados espera la misma o mayor resoluci\u00f3n de problemas de apoyo por parte del agente, mientras que el 66% asegura que <strong>necesita el mismo asesoramiento o m\u00e1s.<\/strong> Igualmente, el estudio refleja que los trabajadores de agencias jugar\u00e1n un gran papel en las salidas al extranjero, ya que el 50% de los viajeros opina que necesita alg\u00fan nivel de asistencia para los viajes internacionales. Adem\u00e1s, gran parte de los usuarios <strong>agradecer\u00eda tener contacto con su agente<\/strong> durante la realizaci\u00f3n del viajes (80%), contra un 20% que no espera ning\u00fan tipo de comunicaci\u00f3n.<\/p>\n<p><a rel=\"nofollow noopener\" target=\"_blank\" href=\"https:\/\/www.nexotur.com\/noticia\/109296\/nexotur\/noticia\/109119\/NEXOTUR\/Air-France-KLM-se-une-a-Amadeus-en-pro-del-NDC.html\">Por otra parte, Amadeus<\/a> informa de que los consumidores tienen un deseo pure por los viajes. De hecho, <strong>el 71% de los encuestados empezar\u00eda a viajar desde el momento en el que se levantasen las restricciones<\/strong> de viajes, siendo su principal preferencia las salidas con familia o amigos (52%). No obstante, el precio es el criterio n\u00famero uno como issue influyente en la elecci\u00f3n y selecci\u00f3n del destino. Asimismo, pese a los continuos desaf\u00edos y las inc\u00f3gnitas que a\u00fan quedan por delante con la pandemia, tienen la intenci\u00f3n de seguir utilizando todos los principales medios de transporte.<\/p>\n<h2>Aumento del inter\u00e9s por los \u2018paquetes\u2019 personalizados<\/h2>\n<p>El estudio de Amadeus, tambi\u00e9n muestra un <strong>notable incremento de la demanda de \u2018paquetes\u2019 tur\u00edsticos personalizados.<\/strong> Un 70% dicen que preferir\u00edan un viaje hecho por ellos mismos o por un agente, frente a un 33% que preferir\u00edan un resort, y un 13% que elegir\u00eda un crucero. Cabe destacar que el 56% de los viajeros asegura que reservar\u00edan entre uno y seis meses por adelantado, mientras que un 16% lo har\u00eda entre siete y 30 d\u00edas antes. A este respecto, al menos un tercio busca m\u00e1s cobertura de seguro de viaje que antes del Covid-19, debido a la incertidumbre que provocan las restricciones.<\/p>\n<p>Finalmente, la confianza del viajero en volar, alojarse en hoteles y viajar en tren y en coche de alquiler <strong>sigue siendo relativamente importante<\/strong>. El 66% de los encuestados comenta que la informaci\u00f3n sobre las medidas de prevenci\u00f3n del Covid-19 es &#8220;muy importante&#8221; para saber de antemano antes de reservar un resort, y el 62% opina lo mismo para los viajes en avi\u00f3n.<\/p>\n<\/div>\n\n<p><em> &#8221; Fuentes www.nexotur.com &#8221; <\/em><\/p>\n","protected":false},"excerpt":{"rendered":"<p>&#13; Gran parte de los usuarios agradecer\u00eda tener contacto con su agente durante la realizaci\u00f3n del viajes &#13; La mayor\u00eda de los viajeros de la period postcovid-19 aseguran que confiar\u00e1n en los agentes de viajes para realizar sus reservas, seg\u00fan el estudio \u2018Destination X: \u00bfHacia d\u00f3nde vamos? Qu\u00e9 buscan los viajeros de ocio en la [&hellip;]<\/p>\n","protected":false},"author":4,"featured_media":103084,"comment_status":"open","ping_status":"closed","sticky":false,"template":"","format":"standard","meta":{"om_disable_all_campaigns":false,"jnews-multi-image_gallery":[],"jnews_single_post":[],"jnews_primary_category":[],"jnews_social_meta":[],"footnotes":""},"categories":[40],"tags":[621,3215,2397,20898,4971,3686,18880,1261,545],"class_list":["post-103083","post","type-post","status-publish","format-standard","has-post-thumbnail","hentry","category-industria","tag-agentes","tag-amadeus","tag-importante","tag-m-s","tag-mucho","tag-papel","tag-seg-n","tag-ser","tag-viajes"],"_links":{"self":[{"href":"https:\/\/dimensionturistica.com\/es\/wp-json\/wp\/v2\/posts\/103083","targetHints":{"allow":["GET"]}}],"collection":[{"href":"https:\/\/dimensionturistica.com\/es\/wp-json\/wp\/v2\/posts"}],"about":[{"href":"https:\/\/dimensionturistica.com\/es\/wp-json\/wp\/v2\/types\/post"}],"author":[{"embeddable":true,"href":"https:\/\/dimensionturistica.com\/es\/wp-json\/wp\/v2\/users\/4"}],"replies":[{"embeddable":true,"href":"https:\/\/dimensionturistica.com\/es\/wp-json\/wp\/v2\/comments?post=103083"}],"version-history":[{"count":0,"href":"https:\/\/dimensionturistica.com\/es\/wp-json\/wp\/v2\/posts\/103083\/revisions"}],"wp:featuredmedia":[{"embeddable":true,"href":"https:\/\/dimensionturistica.com\/es\/wp-json\/wp\/v2\/media\/103084"}],"wp:attachment":[{"href":"https:\/\/dimensionturistica.com\/es\/wp-json\/wp\/v2\/media?parent=103083"}],"wp:term":[{"taxonomy":"category","embeddable":true,"href":"https:\/\/dimensionturistica.com\/es\/wp-json\/wp\/v2\/categories?post=103083"},{"taxonomy":"post_tag","embeddable":true,"href":"https:\/\/dimensionturistica.com\/es\/wp-json\/wp\/v2\/tags?post=103083"}],"curies":[{"name":"wp","href":"https:\/\/api.w.org\/{rel}","templated":true}]}}