{"id":1030570,"date":"2025-08-19T09:06:36","date_gmt":"2025-08-19T09:06:36","guid":{"rendered":"https:\/\/dimensionturistica.com\/es\/?p=1030570"},"modified":"2025-08-19T09:06:36","modified_gmt":"2025-08-19T09:06:36","slug":"jerusalen-se-alista-para-las-oraciones-de-selijot-en-el-muro-de-las-lamentaciones","status":"publish","type":"post","link":"https:\/\/dimensionturistica.com\/es\/jerusalen-se-alista-para-las-oraciones-de-selijot-en-el-muro-de-las-lamentaciones\/","title":{"rendered":"Jerusal\u00e9n se alista para las oraciones de Selijot en el Muro de las Lamentaciones"},"content":{"rendered":"<h3>Jerusal\u00e9n: Un Viaje Espiritual en la Temporada de Selijot<\/h3>\n<p>Jerusal\u00e9n, una ciudad que resuena con milenios de historia, se transforma especialmente en la \u00e9poca de Selijot, un per\u00edodo de reflexi\u00f3n y arrepentimiento que precede a las festividades del A\u00f1o Nuevo jud\u00edo. Durante este tiempo, un flujo continuo de visitantes, tanto locales como internacionales, se dirige al emblem\u00e1tico Muro de las Lamentaciones, preparado para experimentar una de las tradiciones m\u00e1s intensas y conmovedoras del pueblo jud\u00edo.<\/p>\n<p>La temporada de Selijot es un momento de b\u00fasqueda de perd\u00f3n y renovaci\u00f3n espiritual. Cada ma\u00f1ana, los fieles se re\u00fanen en el Muro de las Lamentaciones para recitar oraciones especiales que invocan la misericordia y la compasi\u00f3n divina. Esta tradici\u00f3n no solo fomenta una profunda conexi\u00f3n con la fe, sino que tambi\u00e9n ofrece a los visitantes la oportunidad de ser part\u00edcipes de una herencia cultural y espiritual vibrante.<\/p>\n<p>Los asistentes son testigos del fen\u00f3meno de la comunidad, donde la diversidad se entrelaza en un solo prop\u00f3sito: la b\u00fasqueda de la paz interna. Hombres y mujeres, j\u00f3venes y ancianos, se agrupan en torno a la cotidianidad del lugar, sumidos en un ambiente que invita a la introspecci\u00f3n. Las oraciones, acompa\u00f1adas de melod\u00edas ancestrales, resuenan en el aire, creando una atm\u00f3sfera casi palpable de reverencia y esperanza.<\/p>\n<p>A medida que se acercan las festividades de Rosh Hashan\u00e1, las celebraciones en la ciudad se intensifican. Los mercados locales se visten de gala con productos t\u00edpicos de la temporada: manzanas, miel y granadas, cada uno simbolizando una bendici\u00f3n especial para el a\u00f1o venidero. Esta es una oportunidad \u00fanica para que los visitantes se integren en la cultura a trav\u00e9s de la gastronom\u00eda, probando delicias locales que enriquecen la experiencia de viaje.<\/p>\n<p>Jerusal\u00e9n no solo es un centro de espiritualidad, sino tambi\u00e9n un crisol de historia y cultura. Desde la Ciudad Vieja con sus callejuelas laber\u00ednticas hasta los bulliciosos mercados y los impresionantes sitios arqueol\u00f3gicos, cada rinc\u00f3n cuenta una historia. Las visitas guiadas ofrecen una perspectiva \u00fanica sobre la herencia de la ciudad, mientras que las interacciones con los locales brindan un aprendizaje invaluable sobre tradiciones que han perdurado a lo largo del tiempo.<\/p>\n<p>Participar en estas ceremonias y actividades no es solo un viaje f\u00edsico, sino un verdadero camino hacia el entendimiento personal y la conexi\u00f3n con una comunidad que se aferra a sus ra\u00edces mientras mira hacia el futuro. Jerusal\u00e9n, en este contexto, se convierte en un lugar donde la historia y la espiritualidad se entrelazan, ofreciendo a los visitantes una experiencia transformativa.<\/p>\n<p>Para quienes buscan una escapada que trascienda lo meramente tur\u00edstico, la temporada de Selijot en Jerusal\u00e9n es una invitaci\u00f3n a explorar no solo un destino, sino una dimensi\u00f3n espiritual que enriquece el alma. Este es el momento perfecto para dejarse llevar por la magia de Jerusal\u00e9n, donde cada piedra y cada oraci\u00f3n resuenan con la promesa de un renacer pleno y significativo.<\/p>\n<p><em> &#8221; Fuentes columnadigital.com &#8221; <\/em><\/p>\n","protected":false},"excerpt":{"rendered":"<p>Jerusal\u00e9n: Un Viaje Espiritual en la Temporada de Selijot Jerusal\u00e9n, una ciudad que resuena con milenios de historia, se transforma especialmente en la \u00e9poca de Selijot, un per\u00edodo de reflexi\u00f3n y arrepentimiento que precede a las festividades del A\u00f1o Nuevo jud\u00edo. Durante este tiempo, un flujo continuo de visitantes, tanto locales como internacionales, se dirige [&hellip;]<\/p>\n","protected":false},"author":4,"featured_media":1030571,"comment_status":"open","ping_status":"closed","sticky":false,"template":"","format":"standard","meta":{"om_disable_all_campaigns":false,"jnews-multi-image_gallery":[],"jnews_single_post":[],"jnews_primary_category":[],"jnews_social_meta":[],"footnotes":""},"categories":[39],"tags":[2448,233985,3240,662,242932,39599,6105,8607,13529,14378,242939,132105,242928,2222,3250,544],"class_list":["post-1030570","post","type-post","status-publish","format-standard","has-post-thumbnail","hentry","category-viajes","tag-celebracion","tag-columna-digital","tag-comunidad","tag-cultura","tag-cultura-judia","tag-espiritualidad","tag-festividades","tag-israel","tag-jerusalen","tag-muro","tag-muro-de-las-lamentaciones","tag-oracion","tag-selijot","tag-tradicion","tag-tradiciones","tag-turismo"],"_links":{"self":[{"href":"https:\/\/dimensionturistica.com\/es\/wp-json\/wp\/v2\/posts\/1030570","targetHints":{"allow":["GET"]}}],"collection":[{"href":"https:\/\/dimensionturistica.com\/es\/wp-json\/wp\/v2\/posts"}],"about":[{"href":"https:\/\/dimensionturistica.com\/es\/wp-json\/wp\/v2\/types\/post"}],"author":[{"embeddable":true,"href":"https:\/\/dimensionturistica.com\/es\/wp-json\/wp\/v2\/users\/4"}],"replies":[{"embeddable":true,"href":"https:\/\/dimensionturistica.com\/es\/wp-json\/wp\/v2\/comments?post=1030570"}],"version-history":[{"count":0,"href":"https:\/\/dimensionturistica.com\/es\/wp-json\/wp\/v2\/posts\/1030570\/revisions"}],"wp:featuredmedia":[{"embeddable":true,"href":"https:\/\/dimensionturistica.com\/es\/wp-json\/wp\/v2\/media\/1030571"}],"wp:attachment":[{"href":"https:\/\/dimensionturistica.com\/es\/wp-json\/wp\/v2\/media?parent=1030570"}],"wp:term":[{"taxonomy":"category","embeddable":true,"href":"https:\/\/dimensionturistica.com\/es\/wp-json\/wp\/v2\/categories?post=1030570"},{"taxonomy":"post_tag","embeddable":true,"href":"https:\/\/dimensionturistica.com\/es\/wp-json\/wp\/v2\/tags?post=1030570"}],"curies":[{"name":"wp","href":"https:\/\/api.w.org\/{rel}","templated":true}]}}