{"id":1030132,"date":"2025-08-18T17:21:19","date_gmt":"2025-08-18T17:21:19","guid":{"rendered":"https:\/\/dimensionturistica.com\/es\/?p=1030132"},"modified":"2025-08-18T17:21:19","modified_gmt":"2025-08-18T17:21:19","slug":"7-tendencias-en-denim-para-el-otono-2025-que-debes-comprar-ahora","status":"publish","type":"post","link":"https:\/\/dimensionturistica.com\/es\/7-tendencias-en-denim-para-el-otono-2025-que-debes-comprar-ahora\/","title":{"rendered":"7 tendencias en denim para el oto\u00f1o 2025 que debes comprar ahora"},"content":{"rendered":"<p>Renacimiento en azul: el denim que marca el oto\u00f1o<\/p>\n<p>El denim vuelve a ocupar el centro de la escena para la temporada oto\u00f1al con una mezcla de nostalgia y reinvenci\u00f3n. En pasarelas, editoriales y calles se detectan patrones que reformulan la prenda cl\u00e1sica: nuevas proporciones, acabados audaces y una intenci\u00f3n clara de adaptar el tejido a climas, texturas y c\u00f3digos urbanos m\u00e1s variados.<\/p>\n<p>Lo que domina esta temporada<\/p>\n<p>&#8211; Siluetas amplias y relajadas: Los cortes anchos \u2014pantalones de piernas rectas o muy amplias, a veces con dobladillos largos\u2014 contrastan con la d\u00e9cada previa de piernas ajustadas. La comodidad estructura el dise\u00f1o sin renunciar a presencia visual.<\/p>\n<p>&#8211; Cinturas en contraste: Se observa coexistencia entre talle bajo y talle alto. La mezcla de ambos crea combinaciones que juegan con proporciones y capas, permitiendo superposiciones sobre camisas largas y jers\u00e9is cortos.<\/p>\n<p>&#8211; Total looks y mezclas de denim: El \u201chead-to-toe\u201d denim convive con piezas h\u00edbridas: chaquetas r\u00edgidas junto a faldas fluidas, camisas oversize con pantalones estructurados. La uniformidad del tejido se utiliza como base para jugar con cortes y vol\u00famenes.<\/p>\n<p>Acabados y tratamientos que llaman la atenci\u00f3n<\/p>\n<p>&#8211; Indigo cl\u00e1sico y negro profundo: El azul oscuro tradicional contin\u00faa como ancla, mientras que el negro y los tonos tintados ampl\u00edan las opciones para looks m\u00e1s urbanos o sobrios.<\/p>\n<p>&#8211; Lavados extremos y texturas: Desde el raw denim minimalista hasta lavados \u00e1cidos y degradados marcados, los acabados se emplean para dar car\u00e1cter. El contraste entre superficies pulidas y desgastadas es un recurso recurrente.<\/p>\n<p>&#8211; Parcheado y costuras visibles: Aplicaciones, paneles y costuras deliberadamente expuestas aportan una est\u00e9tica artesanal y utilitaria; el patchwork reaparece como detalle de impacto.<\/p>\n<p>Detalles funcionales y est\u00e9ticos<\/p>\n<p>&#8211; Influencia workwear: Bolsillos profundos, cierres robustos y pretinas reforzadas remiten a la tradici\u00f3n laboral, reinterpretada con atenci\u00f3n al dise\u00f1o contempor\u00e1neo.<\/p>\n<p>&#8211; Hardware como acento: Remaches, hebillas y botones met\u00e1licos se usan tanto por funcionalidad como por ornamento, contribuyendo a una est\u00e9tica m\u00e1s contundente.<\/p>\n<p>&#8211; Superposici\u00f3n de texturas: El denim se combina con cuero, lana y tejidos t\u00e9cnicos para generar contrastes t\u00e1ctiles que funcionan en climas fr\u00edos.<\/p>\n<p>Sostenibilidad y procesos<\/p>\n<p>La preocupaci\u00f3n por el uso de recursos y el impacto de los procesos de lavado marca decisiones de producci\u00f3n. Tratamientos que reducen consumo de agua y tintes m\u00e1s controlados forman parte de las conversaciones industriales, al igual que la b\u00fasqueda de ciclos de vida m\u00e1s largos para las prendas.<\/p>\n<p>C\u00f3mo aparece en el street style y la pasarela<\/p>\n<p>En la calle, el denim se percibe tanto en looks cuidados como en propuestas despreocupadas: chaquetas estructuradas con vaqueros anchos, faldas midi con botas contundentes, o combinaciones de camisa y pantal\u00f3n en el mismo tono. En pasarela, por su parte, los dise\u00f1adores exploran la relaci\u00f3n entre sastrer\u00eda y tejido: l\u00edneas limpias que trasladan el lenguaje del traje al azul del denim.<\/p>\n<p>Claves para identificar esta temporada<\/p>\n<p>&#8211; Prioridad a la proporci\u00f3n: el volumen manda.<br \/>\n&#8211; Contrastes de acabado: liso vs. desgastado.<br \/>\n&#8211; Elementos utilitarios integrados como detalle de dise\u00f1o.<br \/>\n&#8211; Presencia en m\u00faltiples piezas: pantalones, faldas, chaquetas y accesorios.<\/p>\n<p>El panorama que define la pr\u00f3xima temporada presenta al denim no solo como un b\u00e1sico atemporal, sino como un material vers\u00e1til que se adapta a m\u00faltiples c\u00f3digos est\u00e9ticos: desde lo funcional hasta lo sartorial, con acabados que buscan contar historias de textura y proceso.<\/p>\n<p><em> &#8221; Fuentes www.vogue.com &#8221; <\/em><\/p>\n","protected":false},"excerpt":{"rendered":"<p>Renacimiento en azul: el denim que marca el oto\u00f1o El denim vuelve a ocupar el centro de la escena para la temporada oto\u00f1al con una mezcla de nostalgia y reinvenci\u00f3n. En pasarelas, editoriales y calles se detectan patrones que reformulan la prenda cl\u00e1sica: nuevas proporciones, acabados audaces y una intenci\u00f3n clara de adaptar el tejido [&hellip;]<\/p>\n","protected":false},"author":14,"featured_media":1030133,"comment_status":"open","ping_status":"closed","sticky":false,"template":"","format":"standard","meta":{"om_disable_all_campaigns":false,"jnews-multi-image_gallery":[],"jnews_single_post":[],"jnews_primary_category":[],"jnews_social_meta":[],"footnotes":""},"categories":[144872],"tags":[201575,198513,242730,207926,202779,198521,198542,16596,200456,200358,46066,242731,202521],"class_list":["post-1030132","post","type-post","status-publish","format-standard","has-post-thumbnail","hentry","category-fashion","tag-casual-style","tag-denim","tag-denim-jackets","tag-denim-trends","tag-fall-2025","tag-fall-fashion","tag-fashion-trends","tag-jeans","tag-shopping-guide","tag-spring-fashion","tag-street-style","tag-sustainable-denim","tag-wardrobe-essentials"],"_links":{"self":[{"href":"https:\/\/dimensionturistica.com\/es\/wp-json\/wp\/v2\/posts\/1030132","targetHints":{"allow":["GET"]}}],"collection":[{"href":"https:\/\/dimensionturistica.com\/es\/wp-json\/wp\/v2\/posts"}],"about":[{"href":"https:\/\/dimensionturistica.com\/es\/wp-json\/wp\/v2\/types\/post"}],"author":[{"embeddable":true,"href":"https:\/\/dimensionturistica.com\/es\/wp-json\/wp\/v2\/users\/14"}],"replies":[{"embeddable":true,"href":"https:\/\/dimensionturistica.com\/es\/wp-json\/wp\/v2\/comments?post=1030132"}],"version-history":[{"count":0,"href":"https:\/\/dimensionturistica.com\/es\/wp-json\/wp\/v2\/posts\/1030132\/revisions"}],"wp:featuredmedia":[{"embeddable":true,"href":"https:\/\/dimensionturistica.com\/es\/wp-json\/wp\/v2\/media\/1030133"}],"wp:attachment":[{"href":"https:\/\/dimensionturistica.com\/es\/wp-json\/wp\/v2\/media?parent=1030132"}],"wp:term":[{"taxonomy":"category","embeddable":true,"href":"https:\/\/dimensionturistica.com\/es\/wp-json\/wp\/v2\/categories?post=1030132"},{"taxonomy":"post_tag","embeddable":true,"href":"https:\/\/dimensionturistica.com\/es\/wp-json\/wp\/v2\/tags?post=1030132"}],"curies":[{"name":"wp","href":"https:\/\/api.w.org\/{rel}","templated":true}]}}