{"id":1029302,"date":"2025-08-17T01:23:51","date_gmt":"2025-08-17T01:23:51","guid":{"rendered":"https:\/\/dimensionturistica.com\/es\/?p=1029302"},"modified":"2025-08-17T01:23:51","modified_gmt":"2025-08-17T01:23:51","slug":"quien-es-sandra-anaya-la-representante-senalada-por-corrupcion","status":"publish","type":"post","link":"https:\/\/dimensionturistica.com\/es\/quien-es-sandra-anaya-la-representante-senalada-por-corrupcion\/","title":{"rendered":"\u00bfQui\u00e9n es Sandra Anaya, la representante se\u00f1alada por corrupci\u00f3n?"},"content":{"rendered":"<h3>Descubriendo el Coraz\u00f3n de M\u00e9xico: Un Viaje a la Ciudad de las Contradicciones<\/h3>\n<p>M\u00e9xico es un pa\u00eds que, a primera vista, puede parecer un destino lleno de maravillas naturales, tradiciones milenarias y una cultura vibrante. Sin embargo, al adentrarse en sus calles y escuchar las historias que sus habitantes tienen por contar, se revelan tambi\u00e9n cap\u00edtulos llenos de controversias y desaf\u00edos sociales. Uno de esos cap\u00edtulos recientes ha captado la atenci\u00f3n p\u00fablica, sumando un matiz intrigante a la narrativa de la pol\u00edtica mexicana.<\/p>\n<p>En medio de la agitaci\u00f3n pol\u00edtica y las acusaciones de corrupci\u00f3n que han sacudido a varios funcionarios, la figura de una legisladora ha emergido como s\u00edmbolo de una batalla entre el idealismo y la realidad de la gobernanza. Esta situaci\u00f3n invita a reflexionar sobre c\u00f3mo lo que ocurre en el \u00e1mbito pol\u00edtico a menudo tiene repercusiones en las vidas cotidianas de los ciudadanos.<\/p>\n<h3>Un Reflejo de la Realidad Social<\/h3>\n<p>Este contexto es particularmente relevante para el turismo, un sector que depende no solo de la imagen que el pa\u00eds proyecta al exterior, sino tambi\u00e9n de las condiciones que viven sus habitantes. La compleja trama social de algunas regiones puede influir en la decisi\u00f3n de los viajeros, quienes buscan inmersiones aut\u00e9nticas y significativas. As\u00ed, conocer la historia detr\u00e1s de las figuras pol\u00edticas es esencial para entender los matices del lugar que visitamos.<\/p>\n<p>La intriga en la historia pol\u00edtica actual no solo provoca debates, sino que tambi\u00e9n puede deslumbrar al viajero curioso. Las calles de la ciudad resguardan secretos: desde los murales que narran la lucha del pueblo hasta los caf\u00e9s donde se discute el futuro del pa\u00eds. Quienes se aventuran a explorar m\u00e1s all\u00e1 de los destinos tur\u00edsticos tradicionales se encuentran con relatos de resiliencia y esperanza, que contrastan con las sombras de la corrupci\u00f3n.<\/p>\n<h3>Turismo con Prop\u00f3sito<\/h3>\n<p>Al abordar el turismo, es fundamental tener en cuenta el llamado a un turismo m\u00e1s consciente. Viajar no solo es disfrutar de paisajes, sino tambi\u00e9n comprender las complejidades que enfrentan las comunidades. As\u00ed, cada visita a una plaza p\u00fablica, cada encuentro con un local, se convierte en una oportunidad para construir puentes y fomentar el entendimiento.<\/p>\n<p>En este sentido, se ve un creciente inter\u00e9s por experiencias que aporten al desarrollo local, de tal forma que no solo se busca el deleite est\u00e9tico, sino tambi\u00e9n el impacto positivo en la comunidad. Los viajeros contempor\u00e1neos valoran la autenticidad, buscando no solo fotograf\u00edas para compartir, sino tambi\u00e9n participar en la historia de un lugar.<\/p>\n<h3>Hacia un Futuro Brillante<\/h3>\n<p>Frente a los retos que presenta la pol\u00edtica, hay espacio para la esperanza. Iniciativas de turismo comunitario, talleres culturales y programas de voluntariado est\u00e1n tomando fuerza en diversas regiones del pa\u00eds. Estas experiencias permiten a los visitantes no solo ser testigos de la riqueza cultural de M\u00e9xico, sino tambi\u00e9n ser agentes de cambio a trav\u00e9s de su apoyo a proyectos locales.<\/p>\n<p>As\u00ed, mientras contemplamos la belleza de las tradiciones y los paisajes mexicanos, es vital recordar que cada viaje puede ser una oportunidad para reflexionar sobre la intersecci\u00f3n entre turismo y transformaci\u00f3n social. Al explorar las calles impregnadas de historia y contrastes, el visitante no solo conoce un lugar, sino que se convierte en parte de su narraci\u00f3n, encamin\u00e1ndose hacia un futuro donde el aprendizaje y el respeto mutuo prevalezcan.<\/p>\n<h3>Conclusi\u00f3n<\/h3>\n<p>Viajar por M\u00e9xico es, en \u00faltima instancia, un viaje a trav\u00e9s de su rica y compleja realidad social. Las historias, ya sean de corrupci\u00f3n o de esperanza, son las que dan forma a la identidad de un pa\u00eds que sigue luchando por su lugar en el mundo. Invitar a los viajeros a conectar con estas narrativas es un paso crucial hacia un entendimiento m\u00e1s profundo y un turismo que celebre la diversidad y promueva el cambio.<\/p>\n<p><em> &#8221; Fuentes columnadigital.com &#8221; <\/em><\/p>\n","protected":false},"excerpt":{"rendered":"<p>Descubriendo el Coraz\u00f3n de M\u00e9xico: Un Viaje a la Ciudad de las Contradicciones M\u00e9xico es un pa\u00eds que, a primera vista, puede parecer un destino lleno de maravillas naturales, tradiciones milenarias y una cultura vibrante. Sin embargo, al adentrarse en sus calles y escuchar las historias que sus habitantes tienen por contar, se revelan tambi\u00e9n [&hellip;]<\/p>\n","protected":false},"author":4,"featured_media":0,"comment_status":"open","ping_status":"closed","sticky":false,"template":"","format":"standard","meta":{"om_disable_all_campaigns":false,"jnews-multi-image_gallery":[],"jnews_single_post":[],"jnews_primary_category":[],"jnews_social_meta":[],"footnotes":""},"categories":[39],"tags":[707,89657,233985,2205,82365,20262,91526,66182,70981,769,2511,705,546,242360,242254],"class_list":["post-1029302","post","type-post","status-publish","format-standard","hentry","category-viajes","tag-actualidad","tag-acusaciones","tag-columna-digital","tag-corrupcion","tag-dimension-turistica","tag-escandalo","tag-escandalos","tag-legisladora","tag-lujosos-viajes","tag-mexico","tag-morena","tag-noticias","tag-politica","tag-sandra-anaya-villegas","tag-sandra-anaya"],"_links":{"self":[{"href":"https:\/\/dimensionturistica.com\/es\/wp-json\/wp\/v2\/posts\/1029302","targetHints":{"allow":["GET"]}}],"collection":[{"href":"https:\/\/dimensionturistica.com\/es\/wp-json\/wp\/v2\/posts"}],"about":[{"href":"https:\/\/dimensionturistica.com\/es\/wp-json\/wp\/v2\/types\/post"}],"author":[{"embeddable":true,"href":"https:\/\/dimensionturistica.com\/es\/wp-json\/wp\/v2\/users\/4"}],"replies":[{"embeddable":true,"href":"https:\/\/dimensionturistica.com\/es\/wp-json\/wp\/v2\/comments?post=1029302"}],"version-history":[{"count":0,"href":"https:\/\/dimensionturistica.com\/es\/wp-json\/wp\/v2\/posts\/1029302\/revisions"}],"wp:attachment":[{"href":"https:\/\/dimensionturistica.com\/es\/wp-json\/wp\/v2\/media?parent=1029302"}],"wp:term":[{"taxonomy":"category","embeddable":true,"href":"https:\/\/dimensionturistica.com\/es\/wp-json\/wp\/v2\/categories?post=1029302"},{"taxonomy":"post_tag","embeddable":true,"href":"https:\/\/dimensionturistica.com\/es\/wp-json\/wp\/v2\/tags?post=1029302"}],"curies":[{"name":"wp","href":"https:\/\/api.w.org\/{rel}","templated":true}]}}