{"id":1029091,"date":"2025-08-16T16:29:48","date_gmt":"2025-08-16T16:29:48","guid":{"rendered":"https:\/\/dimensionturistica.com\/es\/?p=1029091"},"modified":"2025-08-16T16:29:48","modified_gmt":"2025-08-16T16:29:48","slug":"marcas-de-belleza-los-looks-mas-elegantes-de-la-semana","status":"publish","type":"post","link":"https:\/\/dimensionturistica.com\/es\/marcas-de-belleza-los-looks-mas-elegantes-de-la-semana\/","title":{"rendered":"Marcas de Belleza: Los Looks M\u00e1s Elegantes de la Semana"},"content":{"rendered":"<h3>Belleza en su M\u00e1xima Expresi\u00f3n: Las Tendencias M\u00e1s Impactantes de la Semana<\/h3>\n<p>La moda y la belleza est\u00e1n en constante evoluci\u00f3n, y cada semana nos sorprenden con looks que marcan tendencia y reinventan lo cl\u00e1sico. Esta semana, una serie de estilos deslumbrantes han captado la atenci\u00f3n del p\u00fablico y de los amantes de la est\u00e9tica en redes sociales. Aqu\u00ed, recopilamos los estilos de belleza m\u00e1s destacados que no querr\u00e1s perderte.<\/p>\n<h4>1. <strong>Maquillaje Radiante: La Influencia del Brillo<\/strong><\/h4>\n<p>El maquillaje luminoso ha tomado protagonismo. Desde bases que parecen second skin hasta iluminadores en crema que aportan un brillo sutil, la tendencia se enfoca en resaltar la belleza natural. Esta semana, las celebridades nos mostraron c\u00f3mo lograr ese acabado de piel radiante que es ideal para cualquier ocasi\u00f3n, desde eventos formales hasta salidas casuales.<\/p>\n<h4>2. <strong>Colores Vibrantes en Los Labios<\/strong><\/h4>\n<p>El uso de tonos audaces en los labios ha hecho un regreso triunfal. Los rojos intensos, fucsias y naranjas luminosos han sido los favoritos, perfectos para sumar personalidad a cualquier look. Un labial llamativo puede transformar un atuendo sencillo en algo memorable, y las redes han estallado en elogios por estas elecciones valientes.<\/p>\n<h4>3. <strong>Ojos que Hipnotizan<\/strong><\/h4>\n<p>Los ojos se han convertido en el lienzo ideal para la creatividad. Delicados delineados gr\u00e1ficos combinados con sombras coloridas han servido como statement en diversas alfombras rojas. Los looks osados y art\u00edsticos est\u00e1n en auge, demostrando que no hay l\u00edmites para la expresi\u00f3n personal a trav\u00e9s del maquillaje. Las aplicaciones de tonos met\u00e1licos y destellos han capturado la atenci\u00f3n, convirtiendo la mirada en el centro del conjunto.<\/p>\n<h4>4. <strong>Pelo suelto, natural y desenfadado<\/strong><\/h4>\n<p>La tendencia hacia un cabello m\u00e1s natural y desenfadado ha ganado terreno. Con ondas sutiles y una apariencia despeinada que parece effortless, el cabello ha sido estilizado en su estado m\u00e1s aut\u00e9ntico. Este enfoque no solo refleja un sentido de comodidad, sino que tambi\u00e9n celebra la individualidad y la textura natural del cabello.<\/p>\n<h4>5. <strong>Accesorios Innovadores<\/strong><\/h4>\n<p>Los detalles son lo que marcan la diferencia. Esta semana, los accesorios de belleza como diademas, pinzas decorativas y joyer\u00eda facial se han colocado en el centro de atenci\u00f3n. Estos elementos a\u00f1aden un toque \u00fanico y personal, elevando cualquier look sin esfuerzo. La creatividad en la elecci\u00f3n de accesorios se ha convertido en un factor clave para destacar en cualquier evento.<\/p>\n<h3>\u00a1Captura la Esencia!<\/h3>\n<p>Cada uno de estos looks no solo resalta la habilidad creativa de artistas del maquillaje y estilistas, sino que tambi\u00e9n ofrece a los seguidores de la moda la inspiraci\u00f3n para experimentar con su propia belleza. Al final del d\u00eda, la belleza es una forma de autorexpresi\u00f3n, y esta semana ha sido un verdadero desfile de estilos que invitan a todos a encontrar su propia voz a trav\u00e9s de la est\u00e9tica.<\/p>\n<p>Mantente al tanto de lo \u00faltimo en tendencias y deja que la belleza te inspire a brillar con luz propia. La pr\u00f3xima semana, vuelve para descubrir m\u00e1s looks que est\u00e1n creando impacto en el mundo de la moda y la belleza. \u00a1Porque cada semana es una nueva oportunidad para lucir espectacular!<\/p>\n<p><em> &#8221; Fuentes www.vogue.com &#8221; <\/em><\/p>\n","protected":false},"excerpt":{"rendered":"<p>Belleza en su M\u00e1xima Expresi\u00f3n: Las Tendencias M\u00e1s Impactantes de la Semana La moda y la belleza est\u00e1n en constante evoluci\u00f3n, y cada semana nos sorprenden con looks que marcan tendencia y reinventan lo cl\u00e1sico. Esta semana, una serie de estilos deslumbrantes han captado la atenci\u00f3n del p\u00fablico y de los amantes de la est\u00e9tica [&hellip;]<\/p>\n","protected":false},"author":14,"featured_media":1029092,"comment_status":"open","ping_status":"closed","sticky":false,"template":"","format":"standard","meta":{"om_disable_all_campaigns":false,"jnews-multi-image_gallery":[],"jnews_single_post":[],"jnews_primary_category":[],"jnews_social_meta":[],"footnotes":""},"categories":[144872],"tags":[208639,72867,201306,204028,136391,190460,166,203896,120189,217117,372,373,198563],"class_list":["post-1029091","post","type-post","status-publish","format-standard","has-post-thumbnail","hentry","category-fashion","tag-_votingservice_app","tag-beauty","tag-beauty-looks","tag-beauty-marks","tag-beauty-tips","tag-cosmetics","tag-fashion","tag-makeup-trends","tag-skincare","tag-storytypenews-trending","tag-style","tag-web","tag-weekly-roundup"],"_links":{"self":[{"href":"https:\/\/dimensionturistica.com\/es\/wp-json\/wp\/v2\/posts\/1029091","targetHints":{"allow":["GET"]}}],"collection":[{"href":"https:\/\/dimensionturistica.com\/es\/wp-json\/wp\/v2\/posts"}],"about":[{"href":"https:\/\/dimensionturistica.com\/es\/wp-json\/wp\/v2\/types\/post"}],"author":[{"embeddable":true,"href":"https:\/\/dimensionturistica.com\/es\/wp-json\/wp\/v2\/users\/14"}],"replies":[{"embeddable":true,"href":"https:\/\/dimensionturistica.com\/es\/wp-json\/wp\/v2\/comments?post=1029091"}],"version-history":[{"count":0,"href":"https:\/\/dimensionturistica.com\/es\/wp-json\/wp\/v2\/posts\/1029091\/revisions"}],"wp:featuredmedia":[{"embeddable":true,"href":"https:\/\/dimensionturistica.com\/es\/wp-json\/wp\/v2\/media\/1029092"}],"wp:attachment":[{"href":"https:\/\/dimensionturistica.com\/es\/wp-json\/wp\/v2\/media?parent=1029091"}],"wp:term":[{"taxonomy":"category","embeddable":true,"href":"https:\/\/dimensionturistica.com\/es\/wp-json\/wp\/v2\/categories?post=1029091"},{"taxonomy":"post_tag","embeddable":true,"href":"https:\/\/dimensionturistica.com\/es\/wp-json\/wp\/v2\/tags?post=1029091"}],"curies":[{"name":"wp","href":"https:\/\/api.w.org\/{rel}","templated":true}]}}