{"id":1028908,"date":"2025-08-15T22:50:35","date_gmt":"2025-08-15T22:50:35","guid":{"rendered":"https:\/\/dimensionturistica.com\/es\/?p=1028908"},"modified":"2025-08-15T22:50:35","modified_gmt":"2025-08-15T22:50:35","slug":"quien-es-sandra-anaya-villegas-legisladora-de-morena-senalada-por-corrupcion-y-lujosos-viajes","status":"publish","type":"post","link":"https:\/\/dimensionturistica.com\/es\/quien-es-sandra-anaya-villegas-legisladora-de-morena-senalada-por-corrupcion-y-lujosos-viajes\/","title":{"rendered":"\u00bfQui\u00e9n es Sandra Anaya Villegas, legisladora de Morena se\u00f1alada por corrupci\u00f3n y lujosos viajes?"},"content":{"rendered":"<p><strong>Viajes de lujo y controversias en el mundo pol\u00edtico: un an\u00e1lisis del turismo de alto perfil<\/strong><\/p>\n<p>En un mundo donde la \u00e9tica y la transparencia son pilares fundamentales para la confianza p\u00fablica, la intersecci\u00f3n entre la pol\u00edtica y el turismo de lujo puede suscitar tanto admiraci\u00f3n como cr\u00edtica. Recientemente, la figura de una diputada mexicana ha capturado la atenci\u00f3n medi\u00e1tica, no solo por su papel en el Congreso, sino tambi\u00e9n por sus estilos de vida y viajes que algunos catalogan como excesivos.<\/p>\n<p>Imaginemos un viaje a destinos tan emblem\u00e1ticos como la Gran Muralla China, una traves\u00eda que no solo aporta a la cultura y la historia personal, sino que tambi\u00e9n involucra un costo considerable, usualmente asociado a un estilo de vida elevado. En el \u00e1mbito tur\u00edstico, estas experiencias son a menudo promocionadas como oportunidades \u00fanicas de crecimiento personal, conexi\u00f3n con el mundo y disfrute. Sin embargo, cuando un servidor p\u00fablico opta por este tipo de vivencias, el debate sobre la moralidad y el uso de recursos p\u00fablicos salta a la vista.<\/p>\n<p>La controversia en torno a estos casos no radica \u00fanicamente en el destino o la actividad en s\u00ed, sino m\u00e1s bien en el contexto: \u00bfqui\u00e9n financia estos lujosos viajes y cu\u00e1l es el impacto en la percepci\u00f3n p\u00fablica? A medida que el inter\u00e9s se centra en figuras pol\u00edticas, surgen preguntas cruciales sobre la responsabilidad y el uso de recursos. En un pa\u00eds donde la desigualdad se multiplica, el contraste entre la vida cotidiana de muchos y los lujos de unos pocos crea un caldo de cultivo para la indignaci\u00f3n social.<\/p>\n<p>Adem\u00e1s, el turismo de lujo, al que muchos suelen aspirar, puede transformarse en un espejo que refleja las fallas en la distribuci\u00f3n de la riqueza. Al analizar viajes de esta magnitud, es esencial considerar no solo la experiencia vivida, sino tambi\u00e9n los valores y la \u00e9tica que subyacen a las decisiones tomadas.<\/p>\n<p>Las redes sociales han sido un catalizador en la forma en que consumimos turismo y, a la vez, c\u00f3mo observamos la vida de nuestros l\u00edderes. Im\u00e1genes de paisajes ex\u00f3ticos, comidas gourmet y hoteles de cinco estrellas son elementos que pueden inspirar, pero tambi\u00e9n desencadenar cr\u00edticas. La percepci\u00f3n de que algunos se benefician de privilegios injustos puede ser devastadora para la confianza en las instituciones.<\/p>\n<p>En \u00faltima instancia, es un llamado a la reflexi\u00f3n sobre c\u00f3mo el turismo no solo configura experiencias individuales, sino tambi\u00e9n el tejido de una sociedad. La b\u00fasqueda de destinos ex\u00f3ticos y lujosos puede estar te\u00f1ida de significados m\u00e1s profundos, invit\u00e1ndonos a cuestionar c\u00f3mo se celebran y se critican estas experiencias en la esfera p\u00fablica.<\/p>\n<p>As\u00ed, el futuro del turismo de lujo en contextos pol\u00edticos podr\u00eda depender de un sistema que fomente la transparencia y la rendici\u00f3n de cuentas. \u00bfPuede el turismo, en su forma m\u00e1s elevada, convertirse en un campo de reconciliaci\u00f3n social? Quiz\u00e1s, pero eso depende de una conversaci\u00f3n m\u00e1s amplia que abarque no solo destinos visitados, sino los valores que llevamos en el coraz\u00f3n al explorar el mundo.<\/p>\n<p><em> &#8221; Sources www.ejecentral.com.mx &#8221; <\/em><\/p>\n<p><em> &#8221; Fuentes www.ejecentral.com.mx &#8221; <\/em><\/p>\n","protected":false},"excerpt":{"rendered":"<p>Viajes de lujo y controversias en el mundo pol\u00edtico: un an\u00e1lisis del turismo de alto perfil En un mundo donde la \u00e9tica y la transparencia son pilares fundamentales para la confianza p\u00fablica, la intersecci\u00f3n entre la pol\u00edtica y el turismo de lujo puede suscitar tanto admiraci\u00f3n como cr\u00edtica. Recientemente, la figura de una diputada mexicana [&hellip;]<\/p>\n","protected":false},"author":4,"featured_media":1028909,"comment_status":"open","ping_status":"closed","sticky":false,"template":"","format":"standard","meta":{"om_disable_all_campaigns":false,"jnews-multi-image_gallery":[],"jnews_single_post":[],"jnews_primary_category":[],"jnews_social_meta":[],"footnotes":""},"categories":[39],"tags":[89657,2205,29636,242355,20262,769,2511,242356,172173,546,242357,242358,242359,242360,242254,25640],"class_list":["post-1028908","post","type-post","status-publish","format-standard","has-post-thumbnail","hentry","category-viajes","tag-acusaciones","tag-corrupcion","tag-diputada","tag-diputada-morena-sandra-anaya","tag-escandalo","tag-mexico","tag-morena","tag-morena-sandra-anaya","tag-muralla-china","tag-politica","tag-por-que-acusan-a-sandra-anaya","tag-que-hizo-sandra-anaya","tag-quien-es-sandra-anaya","tag-sandra-anaya-villegas","tag-sandra-anaya","tag-viajes-de-lujo"],"_links":{"self":[{"href":"https:\/\/dimensionturistica.com\/es\/wp-json\/wp\/v2\/posts\/1028908","targetHints":{"allow":["GET"]}}],"collection":[{"href":"https:\/\/dimensionturistica.com\/es\/wp-json\/wp\/v2\/posts"}],"about":[{"href":"https:\/\/dimensionturistica.com\/es\/wp-json\/wp\/v2\/types\/post"}],"author":[{"embeddable":true,"href":"https:\/\/dimensionturistica.com\/es\/wp-json\/wp\/v2\/users\/4"}],"replies":[{"embeddable":true,"href":"https:\/\/dimensionturistica.com\/es\/wp-json\/wp\/v2\/comments?post=1028908"}],"version-history":[{"count":0,"href":"https:\/\/dimensionturistica.com\/es\/wp-json\/wp\/v2\/posts\/1028908\/revisions"}],"wp:featuredmedia":[{"embeddable":true,"href":"https:\/\/dimensionturistica.com\/es\/wp-json\/wp\/v2\/media\/1028909"}],"wp:attachment":[{"href":"https:\/\/dimensionturistica.com\/es\/wp-json\/wp\/v2\/media?parent=1028908"}],"wp:term":[{"taxonomy":"category","embeddable":true,"href":"https:\/\/dimensionturistica.com\/es\/wp-json\/wp\/v2\/categories?post=1028908"},{"taxonomy":"post_tag","embeddable":true,"href":"https:\/\/dimensionturistica.com\/es\/wp-json\/wp\/v2\/tags?post=1028908"}],"curies":[{"name":"wp","href":"https:\/\/api.w.org\/{rel}","templated":true}]}}