{"id":1028479,"date":"2025-08-15T08:58:01","date_gmt":"2025-08-15T08:58:01","guid":{"rendered":"https:\/\/dimensionturistica.com\/es\/?p=1028479"},"modified":"2025-08-15T08:58:01","modified_gmt":"2025-08-15T08:58:01","slug":"descubriendo-el-planeta-una-representante-de-morena","status":"publish","type":"post","link":"https:\/\/dimensionturistica.com\/es\/descubriendo-el-planeta-una-representante-de-morena\/","title":{"rendered":"Descubriendo el planeta: una representante de Morena"},"content":{"rendered":"<p><strong>Explorando Nuevos Horizontes: El Viaje de una Legisladora<\/strong><\/p>\n<p>En un mundo donde el compromiso c\u00edvico suele estar encerrado entre las paredes de la burocracia, destacan aquellos que encuentran la forma de combinar su labor p\u00fablica con el amor por la exploraci\u00f3n. Este es el caso de una legisladora de Morena, cuya pasi\u00f3n por los viajes le ha permitido descubrir no solo nuevos destinos, sino tambi\u00e9n las diversas realidades que componen nuestro pa\u00eds.<\/p>\n<p>Desde las vibrantes calles de la Ciudad de M\u00e9xico hasta los serenos paisajes de Oaxaca, su traves\u00eda ha sido un recorrido que trasciende lo tur\u00edstico y se adentra en la interacci\u00f3n directa con las comunidades. Para ella, cada viaje es una oportunidad para conectarse con las personas, escuchar sus historias y comprender sus necesidades. La idea de pol\u00edtica como algo distante y desconectado de la vida cotidiana se disuelve cuando se experimenta de primera mano la riqueza cultural y las luchas sociales de diferentes regiones.<\/p>\n<p>Cada parada en su odisea ha sido seleccionada con un prop\u00f3sito. M\u00e1s all\u00e1 de la relajaci\u00f3n que un viaje puede ofrecer, su enfoque pone de relieve la importancia de fomentar el desarrollo local y el respeto por la diversidad. En su trayectoria, no solo se ha dedicado a conocer la gastronom\u00eda y las tradiciones de cada lugar, sino que ha abogado por pol\u00edticas que promuevan un turismo responsable y sustentable, consciente del impacto que este puede tener en las comunidades anfitrionas.<\/p>\n<p>Uno de los episodios m\u00e1s memorables de su viaje fue su visita a una comunidad ind\u00edgena. All\u00ed, no solo degust\u00f3 platillos aut\u00f3ctonos, sino que aprendi\u00f3 sobre pr\u00e1cticas ancestrales que han perdurado a lo largo del tiempo. Este encuentro la inspir\u00f3 a defender la protecci\u00f3n de la cultura local en el \u00e1mbito legislativo, consciente de que son estos elementos los que configuran la identidad y el patrimonio nacional.<\/p>\n<p>Adem\u00e1s, ha utilizado sus experiencias de viaje como plataforma para abogar por el empoderamiento de las mujeres en el sector tur\u00edstico. Desde talleres de capacitaci\u00f3n hasta la promoci\u00f3n de emprendedores locales, su objetivo es claro: crear una red que no solo beneficie a los viajeros, sino tambi\u00e9n a quienes habitan estos destinos.<\/p>\n<p>Sin embargo, su traves\u00eda no ha estado exenta de desaf\u00edos. En un entorno donde la pol\u00edtica y los viajes pueden parecer mundos opuestos, enfrenta el escepticismo de algunos que consideran la exploraci\u00f3n como una distracci\u00f3n. A pesar de esto, su determinaci\u00f3n y la claridad de su visi\u00f3n han demostrado que la conexi\u00f3n humana, la empat\u00eda y el compromiso social son cruciales para un verdadero desarrollo.<\/p>\n<p>As\u00ed, cada viaje se convierte en una narrativa rica en aprendizajes, en la que las aventuras se entrelazan con el compromiso de hacer un cambio positivo. El enfoque integrador de esta legisladora es un recordatorio de que explorar el mundo no solo se trata de visitar lugares, sino de construir puentes, de abrir di\u00e1logos y de aprender a ser parte activa de una comunidad global.<\/p>\n<p>En tiempos en que la pol\u00edtica a menudo se siente distante de la gente, su historia resuena como un canto a la importancia de conectar con las ra\u00edces y las realidades de quienes nos rodean. Si algo nos ense\u00f1a su relato es que cada uno de nosotros, ya sea en la esfera p\u00fablica o privada, puede ser un explorador: no solo de mundos lejanos, sino tambi\u00e9n de las voces que a menudo quedan en el silencio.<\/p>\n<p><em> &#8221; Sources columnadigital.com &#8221; <\/em><\/p>\n<p><em> &#8221; Fuentes columnadigital.com &#8221; <\/em><\/p>\n","protected":false},"excerpt":{"rendered":"<p>Explorando Nuevos Horizontes: El Viaje de una Legisladora En un mundo donde el compromiso c\u00edvico suele estar encerrado entre las paredes de la burocracia, destacan aquellos que encuentran la forma de combinar su labor p\u00fablica con el amor por la exploraci\u00f3n. Este es el caso de una legisladora de Morena, cuya pasi\u00f3n por los viajes [&hellip;]<\/p>\n","protected":false},"author":4,"featured_media":0,"comment_status":"open","ping_status":"closed","sticky":false,"template":"","format":"standard","meta":{"om_disable_all_campaigns":false,"jnews-multi-image_gallery":[],"jnews_single_post":[],"jnews_primary_category":[],"jnews_social_meta":[],"footnotes":""},"categories":[39],"tags":[707,233985,82365,56308,66182,28228,769,2511,2216,546,6818,1907],"class_list":["post-1028479","post","type-post","status-publish","format-standard","hentry","category-viajes","tag-actualidad","tag-columna-digital","tag-dimension-turistica","tag-exploracion","tag-legisladora","tag-magazine","tag-mexico","tag-morena","tag-planeta","tag-politica","tag-recorrido","tag-sociedad"],"_links":{"self":[{"href":"https:\/\/dimensionturistica.com\/es\/wp-json\/wp\/v2\/posts\/1028479","targetHints":{"allow":["GET"]}}],"collection":[{"href":"https:\/\/dimensionturistica.com\/es\/wp-json\/wp\/v2\/posts"}],"about":[{"href":"https:\/\/dimensionturistica.com\/es\/wp-json\/wp\/v2\/types\/post"}],"author":[{"embeddable":true,"href":"https:\/\/dimensionturistica.com\/es\/wp-json\/wp\/v2\/users\/4"}],"replies":[{"embeddable":true,"href":"https:\/\/dimensionturistica.com\/es\/wp-json\/wp\/v2\/comments?post=1028479"}],"version-history":[{"count":0,"href":"https:\/\/dimensionturistica.com\/es\/wp-json\/wp\/v2\/posts\/1028479\/revisions"}],"wp:attachment":[{"href":"https:\/\/dimensionturistica.com\/es\/wp-json\/wp\/v2\/media?parent=1028479"}],"wp:term":[{"taxonomy":"category","embeddable":true,"href":"https:\/\/dimensionturistica.com\/es\/wp-json\/wp\/v2\/categories?post=1028479"},{"taxonomy":"post_tag","embeddable":true,"href":"https:\/\/dimensionturistica.com\/es\/wp-json\/wp\/v2\/tags?post=1028479"}],"curies":[{"name":"wp","href":"https:\/\/api.w.org\/{rel}","templated":true}]}}