{"id":1028442,"date":"2025-08-15T04:18:35","date_gmt":"2025-08-15T04:18:35","guid":{"rendered":"https:\/\/dimensionturistica.com\/es\/?p=1028442"},"modified":"2025-08-15T04:18:35","modified_gmt":"2025-08-15T04:18:35","slug":"ocho-de-cada-diez-habitantes-de-la-capital-piensan-que-los-viajes-de-lujo-de-los-representantes-de-morena-chocan-con-la-retorica-de-amlo","status":"publish","type":"post","link":"https:\/\/dimensionturistica.com\/es\/ocho-de-cada-diez-habitantes-de-la-capital-piensan-que-los-viajes-de-lujo-de-los-representantes-de-morena-chocan-con-la-retorica-de-amlo\/","title":{"rendered":"Ocho de cada diez habitantes de la capital piensan que los viajes de lujo de los representantes de Morena chocan con la ret\u00f3rica de AMLO."},"content":{"rendered":"<h3>La Dualidad del Turismo de Lujo en M\u00e9xico: Una Reflexi\u00f3n Social<\/h3>\n<p>En el coraz\u00f3n de la capital mexicana, la percepci\u00f3n sobre el turismo de lujo ha cobrado vida, desatando discusiones apasionadas sobre la \u00e9tica de los viajes de sus l\u00edderes. Recientes encuestas revelan que una gran mayor\u00eda de los capitalinos siente que los lujos disfrutados en escapadas por funcionarios de alto nivel contrastan fuertemente con el mensaje de austeridad promovido por el presidente. Este fen\u00f3meno no solo refleja una disonancia en las expectativas sociales, sino que tambi\u00e9n ilustra el impacto que estas decisiones tienen en la identidad cultural y tur\u00edstica del pa\u00eds.<\/p>\n<h4>\u00bfEl turismo de lujo como una contradicci\u00f3n?<\/h4>\n<p>La percepci\u00f3n de que los viajes ostentosos de ciertos funcionarios no se alinean con el discurso de equidad y simplicidad ha generado un amplio debate. Mientras el gobierno aboga por un enfoque que prioriza los intereses sociales y busca cerrar las brechas de desigualdad, muchos capitalinos consideran que esos lujos son una burla a la realidad que enfrentan millones de mexicanos.<\/p>\n<p>Este conflicto entre las actitudes pol\u00edticas y las realidades cotidianas puede influir en c\u00f3mo se percibe el turismo en M\u00e9xico. El pa\u00eds es conocido por su oferta de destinos que van desde playas paradis\u00edacas hasta sitios arqueol\u00f3gicos de valor incontestable, lo que genera un atractivo global. Sin embargo, el turismo de lujo, aunque atractivo para algunos segmentos del mercado, a menudo se asocia con un elitismo que choca con la imagen de inclusi\u00f3n social.<\/p>\n<h4>El dilema del turista consciente<\/h4>\n<p>Para el viajero actual, la conciencia sobre el impacto social y ambiental de sus decisiones de viaje ha cobrado una gran relevancia. Muchos turistas buscan experiencias aut\u00e9nticas que no excluyan a las comunidades locales ni refuercen las desigualdades existentes. Aqu\u00ed es donde surge el reto para las autoridades y la industria tur\u00edstica: \u00bfc\u00f3mo generar una oferta que sea tanto atractiva como responsable?<\/p>\n<p>Turismo sostenible, experiencias culturales inmersivas y un enfoque en la herencia y tradiciones locales pueden ser la clave para satisfacer tanto a quienes buscan el lujo como a aquellos que abogan por un turismo m\u00e1s consciente. En este contexto, los destinos que integran la responsabilidad social en su propuesta de valor pueden atraer a un p\u00fablico m\u00e1s amplio, creando un balance entre lujo y \u00e9tica.<\/p>\n<h4>La nueva voz del viajero<\/h4>\n<p>Mientras las opiniones sobre el papel de los funcionarios en el espacio tur\u00edstico mexicano siguen divididas, se vislumbra un nuevo camino para el turismo en el pa\u00eds. Los viajeros de hoy no son meros consumidores; son activistas que demandan no solo experiencias enriquecedoras, sino tambi\u00e9n un compromiso \u00e9tico por parte de los destinos que eligen. La relevancia de este cambio puede llevar a que se replanteen pol\u00edticas p\u00fablicas y estrategias tur\u00edsticas que reflejen un sentido de justicia social.<\/p>\n<p>En conclusi\u00f3n, el debate sobre el turismo de lujo en M\u00e9xico no es solo un tema pol\u00edtico o social; es un espejo de la profunda conexi\u00f3n entre \u00e9tica, turismo y la identidad cultural del pa\u00eds. Para los capitalinos y los viajeros por igual, esto representa una oportunidad para replantear lo que significa explorar y disfrutar de un destino, haciendo que cada viaje cuente en m\u00e1s formas de las que podr\u00edamos imaginar.<\/p>\n<p><em> &#8221; Sources www.infobae.com &#8221; <\/em><\/p>\n<p><em> &#8221; Fuentes www.infobae.com &#8221; <\/em><\/p>\n","protected":false},"excerpt":{"rendered":"<p>La Dualidad del Turismo de Lujo en M\u00e9xico: Una Reflexi\u00f3n Social En el coraz\u00f3n de la capital mexicana, la percepci\u00f3n sobre el turismo de lujo ha cobrado vida, desatando discusiones apasionadas sobre la \u00e9tica de los viajes de sus l\u00edderes. Recientes encuestas revelan que una gran mayor\u00eda de los capitalinos siente que los lujos disfrutados [&hellip;]<\/p>\n","protected":false},"author":4,"featured_media":0,"comment_status":"open","ping_status":"closed","sticky":false,"template":"","format":"standard","meta":{"om_disable_all_campaigns":false,"jnews-multi-image_gallery":[],"jnews_single_post":[],"jnews_primary_category":[],"jnews_social_meta":[],"footnotes":""},"categories":[39],"tags":[973,19756,38939,31241,2511,182706,176013,8663],"class_list":["post-1028442","post","type-post","status-publish","format-standard","hentry","category-viajes","tag-amlo","tag-capitalinos","tag-contradicciones","tag-funcionarios","tag-morena","tag-opinion-publica","tag-politica-mexicana","tag-viajes-lujosos"],"_links":{"self":[{"href":"https:\/\/dimensionturistica.com\/es\/wp-json\/wp\/v2\/posts\/1028442","targetHints":{"allow":["GET"]}}],"collection":[{"href":"https:\/\/dimensionturistica.com\/es\/wp-json\/wp\/v2\/posts"}],"about":[{"href":"https:\/\/dimensionturistica.com\/es\/wp-json\/wp\/v2\/types\/post"}],"author":[{"embeddable":true,"href":"https:\/\/dimensionturistica.com\/es\/wp-json\/wp\/v2\/users\/4"}],"replies":[{"embeddable":true,"href":"https:\/\/dimensionturistica.com\/es\/wp-json\/wp\/v2\/comments?post=1028442"}],"version-history":[{"count":0,"href":"https:\/\/dimensionturistica.com\/es\/wp-json\/wp\/v2\/posts\/1028442\/revisions"}],"wp:attachment":[{"href":"https:\/\/dimensionturistica.com\/es\/wp-json\/wp\/v2\/media?parent=1028442"}],"wp:term":[{"taxonomy":"category","embeddable":true,"href":"https:\/\/dimensionturistica.com\/es\/wp-json\/wp\/v2\/categories?post=1028442"},{"taxonomy":"post_tag","embeddable":true,"href":"https:\/\/dimensionturistica.com\/es\/wp-json\/wp\/v2\/tags?post=1028442"}],"curies":[{"name":"wp","href":"https:\/\/api.w.org\/{rel}","templated":true}]}}