{"id":1027670,"date":"2025-08-13T23:38:54","date_gmt":"2025-08-13T23:38:54","guid":{"rendered":"https:\/\/dimensionturistica.com\/es\/apoyo-al-regreso-a-clases-con-mochilas-y-materiales-escolares\/"},"modified":"2025-08-13T23:38:54","modified_gmt":"2025-08-13T23:38:54","slug":"apoyo-al-regreso-a-clases-con-mochilas-y-materiales-escolares","status":"publish","type":"post","link":"https:\/\/dimensionturistica.com\/es\/apoyo-al-regreso-a-clases-con-mochilas-y-materiales-escolares\/","title":{"rendered":"Apoyo al Regreso a Clases con Mochilas y Materiales Escolares."},"content":{"rendered":"<h3>Regreso a Clases: Un Viaje de Solidaridad y Oportunidades<\/h3>\n<p>El inicio de un nuevo ciclo escolar siempre est\u00e1 lleno de expectativas, no solo para los estudiantes, sino tambi\u00e9n para las familias que enfrentan el desaf\u00edo de preparar a sus peque\u00f1os para el regreso a clases. En este contexto, la colaboraci\u00f3n de empresas y organizaciones comunitarias juega un papel crucial al proporcionar recursos esenciales, como mochilas y \u00fatiles escolares, que ayudan a aliviar la carga de los padres durante esta \u00e9poca del a\u00f1o.<\/p>\n<p>Este a\u00f1o, una destacada empresa ha decidido dar un paso al frente al apoyar la educaci\u00f3n en la comunidad. No se trata solo de un gesto simb\u00f3lico, sino de una verdadera muestra de compromiso social. Al entregar mochilas llenas de \u00fatiles escolares, est\u00e1n asegurando que cada ni\u00f1o tenga lo necesario para su aprendizaje. Esto no solo les brinda herramientas para el aula, sino que tambi\u00e9n fomenta un sentido de pertenencia y entusiasmo por aprender.<\/p>\n<p>La importancia de estas iniciativas radica en varios niveles. Primero, en el aspecto emocional; la sonrisa de un ni\u00f1o al recibir una mochila nueva puede ser una fuente de motivaci\u00f3n que influya positivamente en su desempe\u00f1o escolar. En segundo lugar, desde una perspectiva comunitaria, estas acciones fortalecen los lazos entre los habitantes y las empresas que operan en la regi\u00f3n, creando un ambiente de apoyo mutuo y solidaridad.<\/p>\n<p>Un regreso a clases exitoso no solo se mide por la cantidad de \u00fatiles que un ni\u00f1o lleva a la escuela, sino tambi\u00e9n por la comunidad que respalda su educaci\u00f3n. Este tipo de iniciativas permiten que las familias se sientan acompa\u00f1adas y valoradas, reforzando la idea de que la educaci\u00f3n es una responsabilidad compartida.<\/p>\n<p>Adem\u00e1s, estas colaboraciones pueden inspirar a otras empresas a involucrarse en proyectos similares, creando as\u00ed un efecto multiplicador en beneficio de la comunidad. En un entorno donde la educaci\u00f3n a menudo enfrenta desaf\u00edos financieros, cada esfuerzo cuenta y puede marcar la diferencia en la vida de un estudiante.<\/p>\n<p>As\u00ed que, mientras los ni\u00f1os se preparan para el pr\u00f3ximo a\u00f1o escolar, es esencial recordar que detr\u00e1s de cada mochila hay un esfuerzo colectivo que va m\u00e1s all\u00e1 de la entrega de materiales. Es un viaje hacia un futuro m\u00e1s brillante, donde cada peque\u00f1o gesto de apoyo puede transformar vidas. A medida que septiembre se aproxima y con \u00e9l el regreso a clases, celebremos el compromiso de aquellos que ayudan a construir un ma\u00f1ana m\u00e1s prometedor para nuestras futuras generaciones.<\/p>\n<p><em> &#8221; Sources quepasamedia.com &#8221; <\/em><\/p>\n","protected":false},"excerpt":{"rendered":"<p>Regreso a Clases: Un Viaje de Solidaridad y Oportunidades El inicio de un nuevo ciclo escolar siempre est\u00e1 lleno de expectativas, no solo para los estudiantes, sino tambi\u00e9n para las familias que enfrentan el desaf\u00edo de preparar a sus peque\u00f1os para el regreso a clases. En este contexto, la colaboraci\u00f3n de empresas y organizaciones comunitarias [&hellip;]<\/p>\n","protected":false},"author":2,"featured_media":1027671,"comment_status":"open","ping_status":"closed","sticky":false,"template":"","format":"standard","meta":{"om_disable_all_campaigns":false,"jnews-multi-image_gallery":[],"jnews_single_post":[],"jnews_primary_category":[],"jnews_social_meta":[],"footnotes":""},"categories":[43],"tags":[241875],"class_list":["post-1027670","post","type-post","status-publish","format-standard","has-post-thumbnail","hentry","category-gourmet","tag-regreso-escolar-mochilas-recursos-compare-foods-educacion-apoyo-escolar-comunidad"],"_links":{"self":[{"href":"https:\/\/dimensionturistica.com\/es\/wp-json\/wp\/v2\/posts\/1027670","targetHints":{"allow":["GET"]}}],"collection":[{"href":"https:\/\/dimensionturistica.com\/es\/wp-json\/wp\/v2\/posts"}],"about":[{"href":"https:\/\/dimensionturistica.com\/es\/wp-json\/wp\/v2\/types\/post"}],"author":[{"embeddable":true,"href":"https:\/\/dimensionturistica.com\/es\/wp-json\/wp\/v2\/users\/2"}],"replies":[{"embeddable":true,"href":"https:\/\/dimensionturistica.com\/es\/wp-json\/wp\/v2\/comments?post=1027670"}],"version-history":[{"count":0,"href":"https:\/\/dimensionturistica.com\/es\/wp-json\/wp\/v2\/posts\/1027670\/revisions"}],"wp:featuredmedia":[{"embeddable":true,"href":"https:\/\/dimensionturistica.com\/es\/wp-json\/wp\/v2\/media\/1027671"}],"wp:attachment":[{"href":"https:\/\/dimensionturistica.com\/es\/wp-json\/wp\/v2\/media?parent=1027670"}],"wp:term":[{"taxonomy":"category","embeddable":true,"href":"https:\/\/dimensionturistica.com\/es\/wp-json\/wp\/v2\/categories?post=1027670"},{"taxonomy":"post_tag","embeddable":true,"href":"https:\/\/dimensionturistica.com\/es\/wp-json\/wp\/v2\/tags?post=1027670"}],"curies":[{"name":"wp","href":"https:\/\/api.w.org\/{rel}","templated":true}]}}