{"id":1026777,"date":"2025-08-12T14:51:01","date_gmt":"2025-08-12T14:51:01","guid":{"rendered":"https:\/\/dimensionturistica.com\/es\/?p=1026777"},"modified":"2025-08-12T14:51:01","modified_gmt":"2025-08-12T14:51:01","slug":"se-ha-transformado-la-apariencia-del-sitio","status":"publish","type":"post","link":"https:\/\/dimensionturistica.com\/es\/se-ha-transformado-la-apariencia-del-sitio\/","title":{"rendered":"Se ha transformado la apariencia del sitio"},"content":{"rendered":"<h3>Calvi\u00e0: Elegancia y Playas de Ensue\u00f1o en el Coraz\u00f3n de Mallorca<\/h3>\n<p>Calvi\u00e0, un destino que emblem\u00e1ticamente representa la belleza de la costa mallorquina, ha renovado su imagen para presentarse como un refugio de lujo y sofisticaci\u00f3n. Con una oferta hotelera que fusiona el esplendor tradicional con el dise\u00f1o contempor\u00e1neo, este municipio se erige como un lugar admirable para los viajeros en b\u00fasqueda de experiencias \u00fanicas.<\/p>\n<h4>Un renacer hotelero<\/h4>\n<p>En los \u00faltimos a\u00f1os, Calvi\u00e0 ha experimentado una transformaci\u00f3n notable en su sector hotelero. Nuevos resorts y hoteles boutique han surgido, ofreciendo no solo comodidad sino tambi\u00e9n un servicio excepcional que est\u00e1 a la altura de las expectativas m\u00e1s exigentes. La atenci\u00f3n al detalle y el enfoque en la sostenibilidad son pilares fundamentales en este renacer, brindando a los visitantes una experiencia memorable en un entorno ecol\u00f3gico.<\/p>\n<h4>Playas de ensue\u00f1o y paisajes inigualables<\/h4>\n<p>Uno de los principales atractivos de Calvi\u00e0 son sus playas. Con aguas cristalinas y arenas doradas, cada cala cuenta una historia propia. Desde la famosa Playa de Palmanova, ideal para familias, hasta la m\u00e1s escondida Cala de Falc\u00f3, perfecta para aquellos que buscan tranquilidad y conexi\u00f3n con la naturaleza. La costa de Calvi\u00e0 es un para\u00edso que invita a la relajaci\u00f3n y a la pr\u00e1ctica de deportes acu\u00e1ticos, como el paddle surf y el buceo, que permiten descubrir la riqueza del fondo marino.<\/p>\n<h4>Gastronom\u00eda: un viaje de sabores<\/h4>\n<p>La oferta culinaria de Calvi\u00e0 es un reflejo de la diversidad cultural de Mallorca. Los restaurantes, que van desde acogedores locales familiares hasta elegantes establecimientos con estrellas Michelin, ofrecen lo mejor de la cocina local, con ingredientes frescos y de temporada. Platos como el &#8220;tumbet&#8221; o la famosa &#8220;ensaimada&#8221; ofrecen una deliciosa inmersi\u00f3n en la gastronom\u00eda mallorquina, mientras que las cartas de vinos muestran las excelencias de las bodegas locales.<\/p>\n<h4>Actividades para todos los gustos<\/h4>\n<p>Para los amantes de la naturaleza, Calvi\u00e0 ofrece una amplia gama de actividades al aire libre. Senderismo, ciclismo y golf son solo algunas de las opciones disponibles para aquellos que desean explorar el bello paisaje que rodea el municipio. Adem\u00e1s, el famoso sendero GR-221, que recorre la isla, ofrece vistas espectaculares y un contacto directo con la flora y fauna aut\u00f3ctona.<\/p>\n<h4>Cultura y tradiciones<\/h4>\n<p>M\u00e1s all\u00e1 de sus impresionantes playas y lujosos hoteles, Calvi\u00e0 es un lugar rebosante de cultura y tradiciones. Con festividades como la &#8220;Feria del Tomate&#8221; o las celebraciones de San Juan, los visitantes pueden sumergirse en las costumbres locales y disfrutar de la calidez de su gente. Las antiguas iglesias y los encantadores pueblos que conforman el municipio son tambi\u00e9n una ventana al pasado, donde la historia se entrelaza con la modernidad.<\/p>\n<h4>Conclusiones<\/h4>\n<p>Calvi\u00e0 es, sin lugar a dudas, un destino que ha sabido adaptarse y reinventarse, ofreciendo una experiencia de viaje que combina lujo, naturaleza y cultura. Con sus paisajes de ensue\u00f1o y su amplia gama de actividades, este rinc\u00f3n del Mediterr\u00e1neo se posiciona como un lugar de obligada visita para quienes buscan el equilibrio perfecto entre relajaci\u00f3n y aventura. As\u00ed que, ya sea disfrutando de un c\u00f3ctel en la playa o explorando sus rutas naturales, en Calvi\u00e0 siempre hay algo que descubrir y disfrutar. \u00a1Ven y vive la experiencia!<\/p>\n<p><em> &#8221; Sources viajes.nationalgeographic.com.es &#8221; <\/em><\/p>\n<p><em> &#8221; Fuentes viajes.nationalgeographic.com.es &#8221; <\/em><\/p>\n","protected":false},"excerpt":{"rendered":"<p>Calvi\u00e0: Elegancia y Playas de Ensue\u00f1o en el Coraz\u00f3n de Mallorca Calvi\u00e0, un destino que emblem\u00e1ticamente representa la belleza de la costa mallorquina, ha renovado su imagen para presentarse como un refugio de lujo y sofisticaci\u00f3n. Con una oferta hotelera que fusiona el esplendor tradicional con el dise\u00f1o contempor\u00e1neo, este municipio se erige como un [&hellip;]<\/p>\n","protected":false},"author":4,"featured_media":1026778,"comment_status":"open","ping_status":"closed","sticky":false,"template":"","format":"standard","meta":{"om_disable_all_campaigns":false,"jnews-multi-image_gallery":[],"jnews_single_post":[],"jnews_primary_category":[],"jnews_social_meta":[],"footnotes":""},"categories":[39],"tags":[6189,710,3240,2839,5683,6643,59987,2692,6963,5686,2189,38190,10368,545],"class_list":["post-1026777","post","type-post","status-publish","format-standard","has-post-thumbnail","hentry","category-viajes","tag-cambio","tag-ciencia","tag-comunidad","tag-espacio","tag-geographic","tag-historia","tag-identidad","tag-imagen","tag-lugar","tag-national","tag-naturaleza","tag-percepcion","tag-transformacion","tag-viajes"],"_links":{"self":[{"href":"https:\/\/dimensionturistica.com\/es\/wp-json\/wp\/v2\/posts\/1026777","targetHints":{"allow":["GET"]}}],"collection":[{"href":"https:\/\/dimensionturistica.com\/es\/wp-json\/wp\/v2\/posts"}],"about":[{"href":"https:\/\/dimensionturistica.com\/es\/wp-json\/wp\/v2\/types\/post"}],"author":[{"embeddable":true,"href":"https:\/\/dimensionturistica.com\/es\/wp-json\/wp\/v2\/users\/4"}],"replies":[{"embeddable":true,"href":"https:\/\/dimensionturistica.com\/es\/wp-json\/wp\/v2\/comments?post=1026777"}],"version-history":[{"count":0,"href":"https:\/\/dimensionturistica.com\/es\/wp-json\/wp\/v2\/posts\/1026777\/revisions"}],"wp:featuredmedia":[{"embeddable":true,"href":"https:\/\/dimensionturistica.com\/es\/wp-json\/wp\/v2\/media\/1026778"}],"wp:attachment":[{"href":"https:\/\/dimensionturistica.com\/es\/wp-json\/wp\/v2\/media?parent=1026777"}],"wp:term":[{"taxonomy":"category","embeddable":true,"href":"https:\/\/dimensionturistica.com\/es\/wp-json\/wp\/v2\/categories?post=1026777"},{"taxonomy":"post_tag","embeddable":true,"href":"https:\/\/dimensionturistica.com\/es\/wp-json\/wp\/v2\/tags?post=1026777"}],"curies":[{"name":"wp","href":"https:\/\/api.w.org\/{rel}","templated":true}]}}