{"id":102596,"date":"2021-03-26T10:03:52","date_gmt":"2021-03-26T10:03:52","guid":{"rendered":"https:\/\/dimensionturistica.com\/es\/?p=102596"},"modified":"2021-03-26T10:03:52","modified_gmt":"2021-03-26T10:03:52","slug":"el-sector-servicios-ahonda-su-crisis-y-registra-una-caida-del-165-en-enero","status":"publish","type":"post","link":"https:\/\/dimensionturistica.com\/es\/el-sector-servicios-ahonda-su-crisis-y-registra-una-caida-del-165-en-enero\/","title":{"rendered":"El sector servicios ahonda su crisis y registra una ca\u00edda del 16,5% en enero"},"content":{"rendered":"<p> <br \/>\n<\/p>\n<div>\n<p class=\"paragraph \" id=\"m126-125-127\"><a rel=\"nofollow noopener\" target=\"_blank\" href=\"https:\/\/www.lainformacion.com\/tags\/turismo\/\" title=\"Turismo\">El sector servicios <\/a>registr\u00f3 un<strong> descenso de su facturaci\u00f3n del 16,5% el pasado mes de enero<\/strong> respecto al mismo mes de 2020, ampliando en casi 8 puntos <strong>la ca\u00edda que experiment\u00f3 en diciembre (-8,7%), seg\u00fan ha informado este viernes el Instituto Nacional de Estad\u00edstica (INE) <\/strong>y recoge Europa Press.\u00a0Con el descenso de enero, los servicios encadenan 11 meses consecutivos de retrocesos interanuales como consecuencia de la pandemia y sus efectos sobre la econom\u00eda.<\/p>\n<p class=\"paragraph \" id=\"m131-130-132\">Los sectores m\u00e1s afectados por esta disaster contin\u00faan siendo los relacionados con el turismo y la hosteler\u00eda. As\u00ed, <strong>las mayores ca\u00eddas interanuales de la facturaci\u00f3n se producen en las actividades de agencias de viaje<\/strong> y operadores tur\u00edsticos (-85,3%), servicios de alojamiento (-80,7%) y transporte a\u00e9reo (-70,5%). En t\u00e9rminos mensuales y en datos corregidos de estacionalidad y calendario, <strong>el sector servicios registr\u00f3 en enero un retroceso mensual de su facturaci\u00f3n del 3,9%,<\/strong> su mayor ca\u00edda desde el pasado mes de abril.\u00a0<\/p>\n<article class=\"media media-integrated \" id=\"m136-135-137\">\n<figure class=\"figure-box\"><a rel=\"nofollow noopener\" target=\"_blank\" href=\"https:\/\/www.lainformacion.com\/economia-negocios-y-finanzas\/datos-ine-gasto-espanoles-viajes-2020\/2833418\/\"><img decoding=\"async\" alt=\"Dos personas en el aeropuerto de Palma de Mallorca (Islas Baleares), a 20 de diciembre de 2020. A partir de este domingo, los turistas nacionales que se desplacen a Baleares procedentes de la Pen\u00ednsula deber\u00e1n presentar una PCR negativa realizada en origen 72 horas antes de llegar a la comunidad aut\u00f3noma. Si no se trae, se deber\u00e1n someter a su llegada a un test de ant\u00edgenos y se enfrentar\u00e1n a una sanci\u00f3n m\u00e1s el coste de la prueba. 20 DICIEMBRE 2020;PCR;CORONAVIRUS;TEST;DISPOSITIVO;ANT\u00cdGENOS;SALUD;COVID-19;ISLAS BALEARES;AEROPUERTO;VIAJES;VACACIONES Isaac Buj \/ Europa Press (Foto de ARCHIVO) 20\/12\/2020\" data-type=\"src\" class=\"ui-lazy\" src=\"https:\/\/imagenes.lainformacion.com\/files\/image_203_157\/uploads\/imagenes\/2021\/03\/24\/restricciones-islas-baleares.jpeg\"\/><\/a><\/figure>\n<\/article>\n<p class=\"paragraph \" id=\"m168-167-169\">Este descenso de <strong>la facturaci\u00f3n mensual se debe a la disminuci\u00f3n de las ventas tanto del comercio (-1,8%), <\/strong>como de los otros servicios, que facturaron un 5,3% menos. Dentro de los otros servicios, la hosteler\u00eda registr\u00f3 la mayor ca\u00edda de las ventas,<strong> con un desplome del 16,6% respecto al mes de diciembre,<\/strong> notando as\u00ed el efecto de las restricciones adoptadas por las distintas comunidades para frenar los contagios.<\/p>\n<p class=\"paragraph \" id=\"m173-172-174\">Pese al efecto de los expedientes de regulaci\u00f3n temporal de empleo (ERTE), la ocupaci\u00f3n en <strong>el sector servicios retrocedi\u00f3 en enero un 4,6% en tasa interanual,<\/strong> tres d\u00e9cimas m\u00e1s que en diciembre, destacando nuevamente la ca\u00edda del empleo en la hosteler\u00eda (-16,7%).<\/p>\n<\/div>\n\n<p><em> &#8221; Fuentes www.lainformacion.com &#8221; <\/em><\/p>\n","protected":false},"excerpt":{"rendered":"<p>El sector servicios registr\u00f3 un descenso de su facturaci\u00f3n del 16,5% el pasado mes de enero respecto al mismo mes de 2020, ampliando en casi 8 puntos la ca\u00edda que experiment\u00f3 en diciembre (-8,7%), seg\u00fan ha informado este viernes el Instituto Nacional de Estad\u00edstica (INE) y recoge Europa Press.\u00a0Con el descenso de enero, los servicios [&hellip;]<\/p>\n","protected":false},"author":4,"featured_media":102597,"comment_status":"open","ping_status":"closed","sticky":false,"template":"","format":"standard","meta":{"om_disable_all_campaigns":false,"jnews-multi-image_gallery":[],"jnews_single_post":[],"jnews_primary_category":[],"jnews_social_meta":[],"footnotes":""},"categories":[40],"tags":[7491,3009,3583,2058,3127,6439,4491,795,11798,4061,1809,4736,7013],"class_list":["post-102596","post","type-post","status-publish","format-standard","has-post-thumbnail","hentry","category-industria","tag-7491","tag-3009","tag-amplia","tag-anual","tag-aun","tag-caida","tag-hunde","tag-mas","tag-pozo","tag-se","tag-sector","tag-servicio","tag-su"],"_links":{"self":[{"href":"https:\/\/dimensionturistica.com\/es\/wp-json\/wp\/v2\/posts\/102596","targetHints":{"allow":["GET"]}}],"collection":[{"href":"https:\/\/dimensionturistica.com\/es\/wp-json\/wp\/v2\/posts"}],"about":[{"href":"https:\/\/dimensionturistica.com\/es\/wp-json\/wp\/v2\/types\/post"}],"author":[{"embeddable":true,"href":"https:\/\/dimensionturistica.com\/es\/wp-json\/wp\/v2\/users\/4"}],"replies":[{"embeddable":true,"href":"https:\/\/dimensionturistica.com\/es\/wp-json\/wp\/v2\/comments?post=102596"}],"version-history":[{"count":0,"href":"https:\/\/dimensionturistica.com\/es\/wp-json\/wp\/v2\/posts\/102596\/revisions"}],"wp:featuredmedia":[{"embeddable":true,"href":"https:\/\/dimensionturistica.com\/es\/wp-json\/wp\/v2\/media\/102597"}],"wp:attachment":[{"href":"https:\/\/dimensionturistica.com\/es\/wp-json\/wp\/v2\/media?parent=102596"}],"wp:term":[{"taxonomy":"category","embeddable":true,"href":"https:\/\/dimensionturistica.com\/es\/wp-json\/wp\/v2\/categories?post=102596"},{"taxonomy":"post_tag","embeddable":true,"href":"https:\/\/dimensionturistica.com\/es\/wp-json\/wp\/v2\/tags?post=102596"}],"curies":[{"name":"wp","href":"https:\/\/api.w.org\/{rel}","templated":true}]}}