{"id":1025713,"date":"2025-08-10T07:14:20","date_gmt":"2025-08-10T07:14:20","guid":{"rendered":"https:\/\/dimensionturistica.com\/es\/?p=1025713"},"modified":"2025-08-10T07:14:20","modified_gmt":"2025-08-10T07:14:20","slug":"los-desplazamientos-de-dirigentes-de-morena-ponen-a-prueba-la-politica-de-austeridad","status":"publish","type":"post","link":"https:\/\/dimensionturistica.com\/es\/los-desplazamientos-de-dirigentes-de-morena-ponen-a-prueba-la-politica-de-austeridad\/","title":{"rendered":"Los desplazamientos de dirigentes de Morena ponen a prueba la pol\u00edtica de austeridad."},"content":{"rendered":"<h3>Secretos de Viaje: El Lado Desconocido del Turismo Pol\u00edtico<\/h3>\n<p>El mundo del turismo no solo se limita a playas paradis\u00edacas y monta\u00f1as majestuosas; tambi\u00e9n incluye los viajes de figuras pol\u00edticas que, aunque menos rom\u00e1nticos, revelan el inter\u00e9s por conocer nuevas culturas y forjar alianzas. \u00daltimamente, ha emergido un fen\u00f3meno intrigante en el \u00e1mbito del turismo pol\u00edtico: los viajes de l\u00edderes de partidos en M\u00e9xico, que desaf\u00edan las normas de austeridad establecidas por el gobierno.<\/p>\n<p>Imaginemos primero la realidad de un pa\u00eds donde los recursos son limitados. En este contexto, la austeridad se convierte en un mantra, pero la parad\u00f3jica naturaleza del poder a menudo exige visibilidad internacional. Estas giras no solo permiten a los l\u00edderes establecer relaciones cruciales, sino que tambi\u00e9n son una oportunidad para que los destinos que visitan reciban un impulso econ\u00f3mico significativo.<\/p>\n<p>Numerosos destinos ex\u00f3ticos se han convertido en paradas obligadas para las delegaciones pol\u00edticas, donde la cultura y la historia se entrelazan con la diplomacia. Estos viajes no son meros escapismos; son escenarios donde se aborda el comercio, la cooperaci\u00f3n y el intercambio cultural. A menudo, las agendas est\u00e1n repletas de reuniones estrat\u00e9gicas y visitas a lugares emblem\u00e1ticos que aprovechan cada oportunidad para mostrar lo mejor del pa\u00eds anfitri\u00f3n.<\/p>\n<p>Sin embargo, la percepci\u00f3n de estos viajes puede ser ambivalente. Mientras, por un lado, se celebran como una herramienta valiosa para el establecimiento de relaciones internacionales, por otro lado, generan cr\u00edticas en un contexto de austeridad. Aqu\u00ed surge la pregunta esencial: \u00bfes justificable el gasto en viajes cuando se abogan por recortes en otros sectores?<\/p>\n<p>A medida que los l\u00edderes exploran nuevos territorios, estos viajes ofrecen tambi\u00e9n una ventana a la sociedad que, al final, desborda hacia el turismo cultural. Los l\u00edderes que participan en estas giras tienen la oportunidad de sumergirse en la vida local, probar sabores aut\u00f3ctonos y participar en tradiciones ancestrales, lo que enriquece tanto su experiencia como la de aquellos que los reciben.<\/p>\n<p>Adem\u00e1s, cada viaje se convierte en una vitrina. La atenci\u00f3n medi\u00e1tica que atraen puede incentivar el inter\u00e9s por los destinos, impulsando el turismo de forma indirecta. En un mundo cada vez m\u00e1s interconectado, la forma en que se ejecutan estos viajes puede influir en la percepci\u00f3n que los ciudadanos de otros pa\u00edses tienen de M\u00e9xico, ampliando horizontes y oportunidades de colaboraci\u00f3n.<\/p>\n<p>As\u00ed, los viajes de figuras pol\u00edticas, m\u00e1s all\u00e1 de estrategia y prop\u00f3sito, desnudan la esencia del turismo como un veh\u00edculo para el entendimiento y la conexi\u00f3n entre diferentes culturas. Cada paso que dan, cada tratado que firman y cada sonrisa que comparten puede ser una semilla que, al germinar, podr\u00eda dar frutos en la forma de turismo sostenible y enriquecido.<\/p>\n<p>En conclusi\u00f3n, el fen\u00f3meno de los viajes de l\u00edderes pol\u00edticos es un asunto multifac\u00e9tico que combina negociaci\u00f3n, cultura y, sin duda, un impulso vital para el turismo. As\u00ed, el eco de sus pasos resuena no solo en las salas de conferencias, sino tambi\u00e9n en los corazones y las casas de quienes comparten sus culturas. Sin lugar a dudas, estos viajes desaf\u00edan la noci\u00f3n de austeridad y nos recuerdan que, en el fondo, todos somos parte de un mundo m\u00e1s grande donde cada experiencia cuenta.<\/p>\n<p><em> &#8221; Sources columnadigital.com &#8221; <\/em><\/p>\n<p><em> &#8221; Fuentes columnadigital.com &#8221; <\/em><\/p>\n","protected":false},"excerpt":{"rendered":"<p>Secretos de Viaje: El Lado Desconocido del Turismo Pol\u00edtico El mundo del turismo no solo se limita a playas paradis\u00edacas y monta\u00f1as majestuosas; tambi\u00e9n incluye los viajes de figuras pol\u00edticas que, aunque menos rom\u00e1nticos, revelan el inter\u00e9s por conocer nuevas culturas y forjar alianzas. \u00daltimamente, ha emergido un fen\u00f3meno intrigante en el \u00e1mbito del turismo [&hellip;]<\/p>\n","protected":false},"author":4,"featured_media":0,"comment_status":"open","ping_status":"closed","sticky":false,"template":"","format":"standard","meta":{"om_disable_all_campaigns":false,"jnews-multi-image_gallery":[],"jnews_single_post":[],"jnews_primary_category":[],"jnews_social_meta":[],"footnotes":""},"categories":[39],"tags":[17467,233985,97392,3721,698,7173,11019,769,2511,241201,78362,546,176013,192048,545],"class_list":["post-1025713","post","type-post","status-publish","format-standard","hentry","category-viajes","tag-austeridad","tag-columna-digital","tag-dimension-turistica-magazine","tag-gastos","tag-gobierno","tag-liderazgo","tag-lideres","tag-mexico","tag-morena","tag-movimientos-politicos","tag-narrativa","tag-politica","tag-politica-mexicana","tag-relaciones-publicas","tag-viajes"],"_links":{"self":[{"href":"https:\/\/dimensionturistica.com\/es\/wp-json\/wp\/v2\/posts\/1025713","targetHints":{"allow":["GET"]}}],"collection":[{"href":"https:\/\/dimensionturistica.com\/es\/wp-json\/wp\/v2\/posts"}],"about":[{"href":"https:\/\/dimensionturistica.com\/es\/wp-json\/wp\/v2\/types\/post"}],"author":[{"embeddable":true,"href":"https:\/\/dimensionturistica.com\/es\/wp-json\/wp\/v2\/users\/4"}],"replies":[{"embeddable":true,"href":"https:\/\/dimensionturistica.com\/es\/wp-json\/wp\/v2\/comments?post=1025713"}],"version-history":[{"count":0,"href":"https:\/\/dimensionturistica.com\/es\/wp-json\/wp\/v2\/posts\/1025713\/revisions"}],"wp:attachment":[{"href":"https:\/\/dimensionturistica.com\/es\/wp-json\/wp\/v2\/media?parent=1025713"}],"wp:term":[{"taxonomy":"category","embeddable":true,"href":"https:\/\/dimensionturistica.com\/es\/wp-json\/wp\/v2\/categories?post=1025713"},{"taxonomy":"post_tag","embeddable":true,"href":"https:\/\/dimensionturistica.com\/es\/wp-json\/wp\/v2\/tags?post=1025713"}],"curies":[{"name":"wp","href":"https:\/\/api.w.org\/{rel}","templated":true}]}}