{"id":1024528,"date":"2025-08-07T22:49:38","date_gmt":"2025-08-07T22:49:38","guid":{"rendered":"https:\/\/dimensionturistica.com\/es\/?p=1024528"},"modified":"2025-08-07T22:49:38","modified_gmt":"2025-08-07T22:49:38","slug":"morena-enfrenta-controversias-por-los-viajes-y-excesos-de-varios-de-sus-miembros","status":"publish","type":"post","link":"https:\/\/dimensionturistica.com\/es\/morena-enfrenta-controversias-por-los-viajes-y-excesos-de-varios-de-sus-miembros\/","title":{"rendered":"Morena enfrenta controversias por los viajes y excesos de varios de sus miembros."},"content":{"rendered":"<h3>Un Viaje a la Controversia: Turismo de Lujo y Poder en M\u00e9xico<\/h3>\n<p>En un pa\u00eds donde el contraste entre la opulencia y la necesidad es palpable, los viajes de lujo de ciertos l\u00edderes pol\u00edticos han encendido un debate sobre la \u00e9tica y la responsabilidad. En los \u00faltimos tiempos, algunos integrantes del partido en el poder han estado en el ojo del hurac\u00e1n debido a sus ostentosas escapadas. M\u00e1s all\u00e1 de la pol\u00edtica, estas situaciones nos hacen reflexionar sobre el turismo y su esencia en la vida cotidiana.<\/p>\n<p>Los destinos tur\u00edsticos en M\u00e9xico son un verdadero tesoro; desde sus playas id\u00edlicas en el Caribe hasta sus ciudades coloniales llenas de historia. Sin embargo, cuando los protagonistas de la pol\u00edtica utilizan estos mismos parajes como escenarios para el lujo y el excesivo disfrute, la percepci\u00f3n del turismo se transforma. En lugar de ser espacios de encuentro y disfrute, se convierten en s\u00edmbolos de desigualdad.<\/p>\n<p>Por un lado, lugares como Canc\u00fan y Los Cabos son conocidos por atraer tanto a turistas locales como internacionales que buscan un respiro del bullicio diario. Sin embargo, cuando se ven envueltos en controversias relacionadas con representantes electos disfrutando de extravagantes villas y cenas en restaurantes exclusivos, surgen cuestionamientos sobre el verdadero prop\u00f3sito de estas escapadas. \u00bfEs el turismo un privilegio que deber\u00edan disfrutar unos pocos? La respuesta parece cada vez m\u00e1s clara para un p\u00fablico que demanda igualdad.<\/p>\n<p>Estos hechos nos llevan a considerar un turismo m\u00e1s consciente, que fomente no solo el placer, sino tambi\u00e9n la responsabilidad. Cada viaje es una oportunidad para aprender y conectar con la cultura local. Optar por experiencias aut\u00e9nticas y sostenibles en vez de los lujos excesivos es una decisi\u00f3n que puede cambiar el rumbo del turismo en el pa\u00eds. Adem\u00e1s, estos momentos en el camino pueden ser excelentes para fomentar el desarrollo de comunidades que dependen del sector tur\u00edstico.<\/p>\n<p>Los esc\u00e1ndalos revelan algo m\u00e1s profundo: la necesidad de transparencia y autenticidad tanto en la pol\u00edtica como en el turismo. Los viajeros de hoy buscan no solo un buen servicio, sino una conexi\u00f3n genuina con la cultura que los rodea. En este sentido, el auge del ecoturismo y del turismo comunitario se presenta como una respuesta a la saturaci\u00f3n de destinos saturados por el lujo desmedido.<\/p>\n<p>Es imperativo que la experiencia tur\u00edstica en M\u00e9xico se aborde desde una perspectiva m\u00e1s inclusiva y equitativa. Las maravillas naturales y culturales que el pa\u00eds ofrece deben ser disfrutadas y protegidas por todos, no solo por aquellos que pueden costear el lujo.<\/p>\n<p>Cuando elegimos nuestros destinos, tambi\u00e9n estamos eligiendo el tipo de turismo que queremos fomentar. En tiempos de cambio y reflexi\u00f3n, al viajar, recordemos que cada decisi\u00f3n que tomamos puede contribuir a un M\u00e9xico m\u00e1s justo y equitativo. El verdadero lujo, despu\u00e9s de todo, puede ser disfrutar de un viaje que inspire y fomente la uni\u00f3n, m\u00e1s all\u00e1 de lo material.<\/p>\n<p><em> &#8221; Sources politica.expansion.mx &#8221; <\/em><\/p>\n<p><em> &#8221; Fuentes politica.expansion.mx &#8221; <\/em><\/p>\n","protected":false},"excerpt":{"rendered":"<p>Un Viaje a la Controversia: Turismo de Lujo y Poder en M\u00e9xico En un pa\u00eds donde el contraste entre la opulencia y la necesidad es palpable, los viajes de lujo de ciertos l\u00edderes pol\u00edticos han encendido un debate sobre la \u00e9tica y la responsabilidad. En los \u00faltimos tiempos, algunos integrantes del partido en el poder [&hellip;]<\/p>\n","protected":false},"author":4,"featured_media":1024529,"comment_status":"open","ping_status":"closed","sticky":false,"template":"","format":"standard","meta":{"om_disable_all_campaigns":false,"jnews-multi-image_gallery":[],"jnews_single_post":[],"jnews_primary_category":[],"jnews_social_meta":[],"footnotes":""},"categories":[39],"tags":[2205,91526,34802,22931,769,2511,240832,240833,546,545],"class_list":["post-1024528","post","type-post","status-publish","format-standard","has-post-thumbnail","hentry","category-viajes","tag-corrupcion","tag-escandalos","tag-integrantes","tag-lujos","tag-mexico","tag-morena","tag-morena-escandalos","tag-morena-lujos","tag-politica","tag-viajes"],"_links":{"self":[{"href":"https:\/\/dimensionturistica.com\/es\/wp-json\/wp\/v2\/posts\/1024528","targetHints":{"allow":["GET"]}}],"collection":[{"href":"https:\/\/dimensionturistica.com\/es\/wp-json\/wp\/v2\/posts"}],"about":[{"href":"https:\/\/dimensionturistica.com\/es\/wp-json\/wp\/v2\/types\/post"}],"author":[{"embeddable":true,"href":"https:\/\/dimensionturistica.com\/es\/wp-json\/wp\/v2\/users\/4"}],"replies":[{"embeddable":true,"href":"https:\/\/dimensionturistica.com\/es\/wp-json\/wp\/v2\/comments?post=1024528"}],"version-history":[{"count":0,"href":"https:\/\/dimensionturistica.com\/es\/wp-json\/wp\/v2\/posts\/1024528\/revisions"}],"wp:featuredmedia":[{"embeddable":true,"href":"https:\/\/dimensionturistica.com\/es\/wp-json\/wp\/v2\/media\/1024529"}],"wp:attachment":[{"href":"https:\/\/dimensionturistica.com\/es\/wp-json\/wp\/v2\/media?parent=1024528"}],"wp:term":[{"taxonomy":"category","embeddable":true,"href":"https:\/\/dimensionturistica.com\/es\/wp-json\/wp\/v2\/categories?post=1024528"},{"taxonomy":"post_tag","embeddable":true,"href":"https:\/\/dimensionturistica.com\/es\/wp-json\/wp\/v2\/tags?post=1024528"}],"curies":[{"name":"wp","href":"https:\/\/api.w.org\/{rel}","templated":true}]}}