{"id":1024478,"date":"2025-08-07T20:52:51","date_gmt":"2025-08-07T20:52:51","guid":{"rendered":"https:\/\/dimensionturistica.com\/es\/?p=1024478"},"modified":"2025-08-07T20:52:51","modified_gmt":"2025-08-07T20:52:51","slug":"cual-fue-el-gasto-anaya-opina-sobre-el-viaje-de-andy-lopez-beltran-a-japon-y-critica-la-austeridad-de-morena","status":"publish","type":"post","link":"https:\/\/dimensionturistica.com\/es\/cual-fue-el-gasto-anaya-opina-sobre-el-viaje-de-andy-lopez-beltran-a-japon-y-critica-la-austeridad-de-morena\/","title":{"rendered":"\u00bfCu\u00e1l fue el gasto? Anaya opina sobre el viaje de Andy L\u00f3pez Beltr\u00e1n a Jap\u00f3n y critica la &#8216;austeridad&#8217; de Morena"},"content":{"rendered":"<h3>Un Viaje entre Culturas: Descubriendo Jap\u00f3n Desde Diferentes Perspectivas<\/h3>\n<p>Jap\u00f3n, un destino que conjuga tradici\u00f3n y modernidad, ha capturado la atenci\u00f3n de viajeros de todo el mundo. Pero, \u00bfqu\u00e9 sucede cuando la pol\u00edtica y el turismo se entrelazan en la narrativa de un pa\u00eds? A medida que se exploran las diversas din\u00e1micas del globalismo y la austeridad, un reciente viaje a Jap\u00f3n ha suscitado tanto admiraci\u00f3n como controversia. <\/p>\n<p>La fascinaci\u00f3n por Jap\u00f3n no solo proviene de su rica herencia cultural y sus innovaciones tecnol\u00f3gicas. Desde los antigos templos de Kioto hasta las ajetreadas calles de Tokio, cada rinc\u00f3n cuenta una historia \u00fanica. Sin embargo, cuando tal experiencia se vuelve un punto de discusi\u00f3n en la arena pol\u00edtica, el viaje adquiere otro matiz.<\/p>\n<p>En el contexto de un viaje de un funcionario a Jap\u00f3n, muchas son las voces que critican el uso de recursos p\u00fablicos y la necesidad de reflexionar sobre los gastos en momentos de austeridad. \u00bfCu\u00e1l es el verdadero costo de explorar un pa\u00eds que, a veces, parece ser un contraste de mundos? Para muchos, el viaje no solo debe ser visto como un lujo, sino como una inversi\u00f3n en el conocimiento cultural y las relaciones internacionales que pueden beneficiar tanto al viajero como a su pa\u00eds de origen.<\/p>\n<p>Jap\u00f3n, con su extraordinaria hospitalidad, sigue siendo un destino privilegiado para unos pocos, mientras otros cuestionan las prioridades en el uso de recursos. Sin embargo, en su esencia, viajar es abrir una ventana a nuevas perspectivas. Ante la adversidad econ\u00f3mica, la pregunta es si estos viajes pueden fomentar un entendimiento m\u00e1s profundo que trascienda las fronteras pol\u00edticas.<\/p>\n<p>Desde las impresionantes auroras boreales de Hokkaido hasta la experiencia zen de los templos budistas, Jap\u00f3n ofrece un sinf\u00edn de vivencias que enriquecen nuestra concepci\u00f3n del mundo. La cr\u00edtica est\u00e1 presente, pero tambi\u00e9n lo est\u00e1 el deseo de aprender y adaptarse a nuevas realidades. Y es que cada viaje, aun el m\u00e1s pol\u00e9mico, puede ser un catalizador para el di\u00e1logo y el cambio.<\/p>\n<p>A medida que m\u00e1s personas se aventuran a Jap\u00f3n, surge la oportunidad de abrazar la diversidad cultural y de cuestionar nuestras propias narrativas. En un mundo en el que la pol\u00edtica a menudo tienta a dividir, el turismo tiene el potencial de unir, ofreciendo un espacio donde las diferencias se convierten en puentes hacia la comprensi\u00f3n mutua.<\/p>\n<p>As\u00ed que, ya sea que uno se adentre en el vibrante mundo de la gastronom\u00eda japonesa o se maraville con la est\u00e9tica de sus jardines zen, el verdadero regalo de Jap\u00f3n es la posibilidad de mirar m\u00e1s all\u00e1 de lo evidente. A trav\u00e9s de experiencias compartidas, cada viajero se convierte en un embajador de su cultura, llevando consigo historias que desaf\u00edan estereotipos y abren el camino hacia un futuro de cooperaci\u00f3n y respeto mutuo. <\/p>\n<p>Japan, con su fusi\u00f3n de pasado y futuro, nos invita a considerar que viajar no es solo una cuesti\u00f3n de lujo; es un viaje hacia el entendimiento y la tolerancia en un mundo que necesita m\u00e1s que nunca de ambas.<\/p>\n<p><em> &#8221; Sources www.infobae.com &#8221; <\/em><\/p>\n<p><em> &#8221; Fuentes www.infobae.com &#8221; <\/em><\/p>\n","protected":false},"excerpt":{"rendered":"<p>Un Viaje entre Culturas: Descubriendo Jap\u00f3n Desde Diferentes Perspectivas Jap\u00f3n, un destino que conjuga tradici\u00f3n y modernidad, ha capturado la atenci\u00f3n de viajeros de todo el mundo. Pero, \u00bfqu\u00e9 sucede cuando la pol\u00edtica y el turismo se entrelazan en la narrativa de un pa\u00eds? A medida que se exploran las diversas din\u00e1micas del globalismo y [&hellip;]<\/p>\n","protected":false},"author":4,"featured_media":0,"comment_status":"open","ping_status":"closed","sticky":false,"template":"","format":"standard","meta":{"om_disable_all_campaigns":false,"jnews-multi-image_gallery":[],"jnews_single_post":[],"jnews_primary_category":[],"jnews_social_meta":[],"footnotes":""},"categories":[39],"tags":[240802],"class_list":["post-1024478","post","type-post","status-publish","format-standard","hentry","category-viajes","tag-anaya-viaje-japon-andy-lopez-beltran-austeridad-morena-critica-politica-economia-actualidad"],"_links":{"self":[{"href":"https:\/\/dimensionturistica.com\/es\/wp-json\/wp\/v2\/posts\/1024478","targetHints":{"allow":["GET"]}}],"collection":[{"href":"https:\/\/dimensionturistica.com\/es\/wp-json\/wp\/v2\/posts"}],"about":[{"href":"https:\/\/dimensionturistica.com\/es\/wp-json\/wp\/v2\/types\/post"}],"author":[{"embeddable":true,"href":"https:\/\/dimensionturistica.com\/es\/wp-json\/wp\/v2\/users\/4"}],"replies":[{"embeddable":true,"href":"https:\/\/dimensionturistica.com\/es\/wp-json\/wp\/v2\/comments?post=1024478"}],"version-history":[{"count":0,"href":"https:\/\/dimensionturistica.com\/es\/wp-json\/wp\/v2\/posts\/1024478\/revisions"}],"wp:attachment":[{"href":"https:\/\/dimensionturistica.com\/es\/wp-json\/wp\/v2\/media?parent=1024478"}],"wp:term":[{"taxonomy":"category","embeddable":true,"href":"https:\/\/dimensionturistica.com\/es\/wp-json\/wp\/v2\/categories?post=1024478"},{"taxonomy":"post_tag","embeddable":true,"href":"https:\/\/dimensionturistica.com\/es\/wp-json\/wp\/v2\/tags?post=1024478"}],"curies":[{"name":"wp","href":"https:\/\/api.w.org\/{rel}","templated":true}]}}