{"id":1024292,"date":"2025-08-07T12:52:00","date_gmt":"2025-08-07T12:52:00","guid":{"rendered":"https:\/\/dimensionturistica.com\/es\/?p=1024292"},"modified":"2025-08-07T12:52:00","modified_gmt":"2025-08-07T12:52:00","slug":"estilo-marquis-el-corto-que-resalta-tu-imagen","status":"publish","type":"post","link":"https:\/\/dimensionturistica.com\/es\/estilo-marquis-el-corto-que-resalta-tu-imagen\/","title":{"rendered":"Estilo Marqu\u00eds: El Corto que Resalta tu Imagen"},"content":{"rendered":"<h3>La Magia de las Capas: La Tendencia que Transforma Tu Look en el Turismo<\/h3>\n<p>Cuando se trata de viajar, cada destino ofrece un nuevo paisaje, sabores exquisitos y experiencias \u00fanicas. Sin embargo, no solo el entorno cambia: la forma en que nos presentamos al mundo tambi\u00e9n puede transformarse a trav\u00e9s del estilo. En este contexto, la t\u00e9cnica de las capas se est\u00e1 convirtiendo en un elemento esencial que todo viajero moderno debe considerar para definir su imagen.<\/p>\n<h4>\u00bfPor Qu\u00e9 Optar por las Capas?<\/h4>\n<p>Las capas no solo son una declaraci\u00f3n de moda, sino tambi\u00e9n una forma inteligente de gestionar el vestuario durante los viajes. Permiten jugar con diferentes looks, adapt\u00e1ndose al clima cambiante y a las actividades del d\u00eda. Desde recorrer calles empedradas en una antigua ciudad hasta cenar en un elegante restaurante con vista al mar, las capas son vers\u00e1tiles y funcionales.<\/p>\n<h4>La Importancia del Corte<\/h4>\n<p>Un buen corte es el secreto para maximizar el impacto visual que las capas pueden ofrecer. Optar por un estilo que enmarque tu rostro no solo realza tus rasgos, sino que tambi\u00e9n puede mejorar tu confianza. Los cortes bien estructurados son fundamentales: pueden hacer que parezcas m\u00e1s alto, m\u00e1s delgado o incluso m\u00e1s juvenil, dependiendo de c\u00f3mo se utilicen.<\/p>\n<h4>Elegir las Meores Prendas<\/h4>\n<p>Al organizar tu maleta, considera invertir en piezas clave como chaquetas livianas, blusas con detalles interesantes, y bufandas que a\u00f1adan un toque de color y textura. Estas prendas se pueden combinar entre s\u00ed para crear un sinf\u00edn de looks, permiti\u00e9ndote expresar tu estilo personal mientras exploras un nuevo destino.<\/p>\n<h4>La Aventura de Jugar con Texturas y Colores<\/h4>\n<p>Si bien el negro y el gris son cl\u00e1sicos, no temas experimentar con colores vibrantes y diferentes texturas. Los viajes son la oportunidad perfecta para salir de tu zona de confort en cuanto a la moda. Prueba a\u00f1adir una bufanda estampada o una chaqueta de cuero; esos peque\u00f1os detalles pueden hacer una gran diferencia en tu conjunto.<\/p>\n<h4>Un Estilo Personal que Refleja Tu Viaje<\/h4>\n<p>Adem\u00e1s de ser pr\u00e1cticas, las capas tambi\u00e9n pueden convertirse en un reflejo de tus aventuras. Cada prenda puede contar una historia: una chaqueta adquirida en un mercado local, una bufanda regalo de un amigo en otra ciudad, o unas botas que te han acompa\u00f1ado en m\u00faltiples excursiones. As\u00ed, tu vestuario se convierte no solo en una cuesti\u00f3n de estilo, sino tambi\u00e9n de experiencias.<\/p>\n<h4>Conclusi\u00f3n<\/h4>\n<p>Mientras te embarcas en tu pr\u00f3ximo viaje, considera la magia que las capas pueden aportar a tu estilo. La combinaci\u00f3n adecuada de cortes y prendas no solo te ayudar\u00e1 a enfrentar cualquier clima, sino que tambi\u00e9n potenciar\u00e1 tu autoestima, haci\u00e9ndote sentir como el mejor embajador de tu propia historia. As\u00ed que, la pr\u00f3xima vez que prepares tu equipaje, recuerda que cada capa que elijas es parte de la narrativa \u00fanica de tu aventura. \u00a1Viajar nunca se sinti\u00f3 tan bien!<\/p>\n<p><em> &#8221; Sources columnadigital.com &#8221; <\/em><\/p>\n<p><em> &#8221; Fuentes columnadigital.com &#8221; <\/em><\/p>\n","protected":false},"excerpt":{"rendered":"<p>La Magia de las Capas: La Tendencia que Transforma Tu Look en el Turismo Cuando se trata de viajar, cada destino ofrece un nuevo paisaje, sabores exquisitos y experiencias \u00fanicas. Sin embargo, no solo el entorno cambia: la forma en que nos presentamos al mundo tambi\u00e9n puede transformarse a trav\u00e9s del estilo. En este contexto, [&hellip;]<\/p>\n","protected":false},"author":4,"featured_media":0,"comment_status":"open","ping_status":"closed","sticky":false,"template":"","format":"standard","meta":{"om_disable_all_campaigns":false,"jnews-multi-image_gallery":[],"jnews_single_post":[],"jnews_primary_category":[],"jnews_social_meta":[],"footnotes":""},"categories":[39],"tags":[240697,3381,240693,233985,201310,240695,7758,201979,240694,240696],"class_list":["post-1024292","post","type-post","status-publish","format-standard","hentry","category-viajes","tag-asesoramiento-de-imagen","tag-belleza","tag-capas-marquise","tag-columna-digital","tag-corte-de-cabello","tag-definicion-de-rostro","tag-estilo","tag-moda-capilar","tag-moldea-tu-rostro","tag-tendencias-de-peluqueria"],"_links":{"self":[{"href":"https:\/\/dimensionturistica.com\/es\/wp-json\/wp\/v2\/posts\/1024292","targetHints":{"allow":["GET"]}}],"collection":[{"href":"https:\/\/dimensionturistica.com\/es\/wp-json\/wp\/v2\/posts"}],"about":[{"href":"https:\/\/dimensionturistica.com\/es\/wp-json\/wp\/v2\/types\/post"}],"author":[{"embeddable":true,"href":"https:\/\/dimensionturistica.com\/es\/wp-json\/wp\/v2\/users\/4"}],"replies":[{"embeddable":true,"href":"https:\/\/dimensionturistica.com\/es\/wp-json\/wp\/v2\/comments?post=1024292"}],"version-history":[{"count":0,"href":"https:\/\/dimensionturistica.com\/es\/wp-json\/wp\/v2\/posts\/1024292\/revisions"}],"wp:attachment":[{"href":"https:\/\/dimensionturistica.com\/es\/wp-json\/wp\/v2\/media?parent=1024292"}],"wp:term":[{"taxonomy":"category","embeddable":true,"href":"https:\/\/dimensionturistica.com\/es\/wp-json\/wp\/v2\/categories?post=1024292"},{"taxonomy":"post_tag","embeddable":true,"href":"https:\/\/dimensionturistica.com\/es\/wp-json\/wp\/v2\/tags?post=1024292"}],"curies":[{"name":"wp","href":"https:\/\/api.w.org\/{rel}","templated":true}]}}