{"id":1023414,"date":"2025-08-05T21:03:32","date_gmt":"2025-08-05T21:03:32","guid":{"rendered":"https:\/\/dimensionturistica.com\/es\/?p=1023414"},"modified":"2025-08-05T21:03:32","modified_gmt":"2025-08-05T21:03:32","slug":"los-estilos-capilares-del-2000-que-marcaran-tendencia-en-colombia-este-verano-2025","status":"publish","type":"post","link":"https:\/\/dimensionturistica.com\/es\/los-estilos-capilares-del-2000-que-marcaran-tendencia-en-colombia-este-verano-2025\/","title":{"rendered":"Los estilos capilares del 2000 que marcar\u00e1n tendencia en Colombia este verano 2025."},"content":{"rendered":"<h3>Un Viaje al Pasado: Peinados de los 2000 que Regresan con Fuerza en el Verano 2025<\/h3>\n<p>Si hay algo que siempre vuelve a capturar la imaginaci\u00f3n de las nuevas generaciones, son las tendencias del pasado. As\u00ed lo demuestra el reciente resurgir de los peinados ic\u00f3nicos de los 2000, que vuelven a estar en el centro de atenci\u00f3n, especialmente en Colombia, donde la influencia de los estilos retro se ha convertido en una declaraci\u00f3n de moda. En este verano de 2025, no solo se trata de revivir recuerdos, sino de reinterpretar lo que fue un fen\u00f3meno cultural vibrante.<\/p>\n<h4>La Era de la Innovaci\u00f3n Capilar<\/h4>\n<p>Los inicios de los 2000 fueron un caldo de cultivo para la creatividad y la autoexpresi\u00f3n a trav\u00e9s del cabello. Desde los peinados voluminosos hasta los coloridos acentos, cada estilo contaba una historia. En Colombia, dos influyentes figuras est\u00e1n liderando esta remembranza: Julia y Renata. Su propuesta visual, que recuerda aquellos looks atrevidos, ha encontrado eco en la juventud que busca reinventar y adaptar viejas modas con un toque contempor\u00e1neo.<\/p>\n<h4>Tendencias que Marcan la Diferencia<\/h4>\n<p>Entre los peinados que est\u00e1n causando furor se encuentran las coletas altas con cintas de colores y los mechones frontales, que aportan un aire fresco y juvenil. Este verano, las colombianas adoptar\u00e1n no solo los estilos, sino tambi\u00e9n la esencia de una \u00e9poca llena de energ\u00eda y libertad. Los accesorios juegan un papel crucial: diademas, horquillas y todo tipo de decoraciones capilares se incorporan para dar un twist a los cl\u00e1sicos. <\/p>\n<p>Los peinados m\u00e1s atrevidos de la d\u00e9cada est\u00e1n en la lista de reversiones, y la versatilidad de estos looks permite que cada persona adapte y personalice su estilo, haciendo que lo antiguo se sienta nuevo y vibrante. La tendencia impulsa a los j\u00f3venes a experimentar, jugando con colores e incluso texturas, creando una variedad impresionante de resultados.<\/p>\n<h4>La Influencia de la Cultura Pop<\/h4>\n<p>El fen\u00f3meno no es solo un asunto de est\u00e9tica; est\u00e1 profundamente ligado a la cultura pop. Influencers y artistas est\u00e1n reviviendo estos estilos, creando un c\u00edrculo virtuoso donde las redes sociales alimentan el deseo de regresar al pasado. Las plataformas digitales se llenan de tutoriales e inspiraci\u00f3n, animando a las nuevas generaciones a atreverse con estos looks audaces.<\/p>\n<p>El regreso de estas tendencias no solo es un acto de nostalgia, sino tambi\u00e9n una celebraci\u00f3n de la diversidad. Cada peinado puede leerse como una forma de identidad, donde cada individuo puede expresar sus ra\u00edces y su historia a trav\u00e9s de su cabello.<\/p>\n<h4>Un Verano para Recordar<\/h4>\n<p>El verano de 2025 promete ser un periodo donde la individualidad y la creatividad estar\u00e1n en su pico m\u00e1ximo. Los peinados de los 2000 simbolizan un deseo de volver a conectar con el yo interior mientras se explora lo nuevo. Es un momento perfecto para combinar elementos antiguos con nuevas corrientes, haciendo de cada look una pieza \u00fanica y personal.<\/p>\n<p>Para quienes planean visitar Colombia este verano, esto representa una oportunidad excelente para sumergirse en un ambiente donde el pasado y el presente coexisten. No solo se puede disfrutar de paisajes maravillosos, sino tambi\u00e9n de una vibrante cultura que se expresa a trav\u00e9s de la moda y el estilo.<\/p>\n<p>El verano 2025 ya se siente en el aire, y con \u00e9l, el resurgir de los peinados que marcaron una d\u00e9cada. Atr\u00e9vete a explorar y experimentar con estos estilos ic\u00f3nicos; despu\u00e9s de todo, la moda es un ciclo sin fin, donde siempre hay espacio para una pizca de nostalgia y un toque de innovaci\u00f3n.<\/p>\n<p><em> &#8221; Sources www.vogue.mx &#8221; <\/em><\/p>\n<p><em> &#8221; Fuentes www.vogue.mx &#8221; <\/em><\/p>\n","protected":false},"excerpt":{"rendered":"<p>Un Viaje al Pasado: Peinados de los 2000 que Regresan con Fuerza en el Verano 2025 Si hay algo que siempre vuelve a capturar la imaginaci\u00f3n de las nuevas generaciones, son las tendencias del pasado. As\u00ed lo demuestra el reciente resurgir de los peinados ic\u00f3nicos de los 2000, que vuelven a estar en el centro [&hellip;]<\/p>\n","protected":false},"author":4,"featured_media":1023415,"comment_status":"open","ping_status":"closed","sticky":false,"template":"","format":"standard","meta":{"om_disable_all_campaigns":false,"jnews-multi-image_gallery":[],"jnews_single_post":[],"jnews_primary_category":[],"jnews_social_meta":[],"footnotes":""},"categories":[144872],"tags":[240441,39783],"class_list":["post-1023414","post","type-post","status-publish","format-standard","has-post-thumbnail","hentry","category-fashion","tag-peinados2000-colombianas-verano2025-tendencias-moda-estilo-hairtrends-2025-fashion-estilocolombiano","tag-cabello"],"_links":{"self":[{"href":"https:\/\/dimensionturistica.com\/es\/wp-json\/wp\/v2\/posts\/1023414","targetHints":{"allow":["GET"]}}],"collection":[{"href":"https:\/\/dimensionturistica.com\/es\/wp-json\/wp\/v2\/posts"}],"about":[{"href":"https:\/\/dimensionturistica.com\/es\/wp-json\/wp\/v2\/types\/post"}],"author":[{"embeddable":true,"href":"https:\/\/dimensionturistica.com\/es\/wp-json\/wp\/v2\/users\/4"}],"replies":[{"embeddable":true,"href":"https:\/\/dimensionturistica.com\/es\/wp-json\/wp\/v2\/comments?post=1023414"}],"version-history":[{"count":0,"href":"https:\/\/dimensionturistica.com\/es\/wp-json\/wp\/v2\/posts\/1023414\/revisions"}],"wp:featuredmedia":[{"embeddable":true,"href":"https:\/\/dimensionturistica.com\/es\/wp-json\/wp\/v2\/media\/1023415"}],"wp:attachment":[{"href":"https:\/\/dimensionturistica.com\/es\/wp-json\/wp\/v2\/media?parent=1023414"}],"wp:term":[{"taxonomy":"category","embeddable":true,"href":"https:\/\/dimensionturistica.com\/es\/wp-json\/wp\/v2\/categories?post=1023414"},{"taxonomy":"post_tag","embeddable":true,"href":"https:\/\/dimensionturistica.com\/es\/wp-json\/wp\/v2\/tags?post=1023414"}],"curies":[{"name":"wp","href":"https:\/\/api.w.org\/{rel}","templated":true}]}}