{"id":1023388,"date":"2025-08-05T20:02:46","date_gmt":"2025-08-05T20:02:46","guid":{"rendered":"https:\/\/dimensionturistica.com\/es\/?p=1023388"},"modified":"2025-08-05T20:02:46","modified_gmt":"2025-08-05T20:02:46","slug":"un-espacio-con-sara-galindo-estilo-aventuras-y-sentido-de-vida","status":"publish","type":"post","link":"https:\/\/dimensionturistica.com\/es\/un-espacio-con-sara-galindo-estilo-aventuras-y-sentido-de-vida\/","title":{"rendered":"Un espacio con Sara Galindo: estilo, aventuras y sentido de vida."},"content":{"rendered":"<h3>Un Viaje a la Esencia de la Moda y los Destinos<\/h3>\n<p>En un mundo donde la moda y los viajes se entrelazan de formas sorprendentes, encontramos historias que nos inspiran a explorar no solo nuevos destinos, sino tambi\u00e9n a redescubrir nuestra propia esencia. Hablamos de la fascinante traves\u00eda de una mujer que ha logrado fusionar su pasi\u00f3n por la moda con el amor por los viajes, convirtiendo cada paso en una declaraci\u00f3n de estilo y prop\u00f3sito.<\/p>\n<p>Al hablar de moda, no se trata \u00fanicamente de lo que llevamos puesto, sino de c\u00f3mo nos presentamos al mundo. Cada prenda es una historia, un fragmento de la cultura que llevamos con nosotros en cada aventura. La entrevistada comparte c\u00f3mo cada destino aporta nuevas perspectivas y estilos, enriqueciendo no solo su guardarropa, sino tambi\u00e9n su visi\u00f3n de la vida. En ciudades vibrantes como Par\u00eds o Tokio, se inspira en la diversidad y la creatividad que la moda puede ofrecer.<\/p>\n<p>Sin embargo, la moda no es el \u00fanico hilo conductor en esta narrativa. Viajar es una forma de vida que nos permite conectarnos con otras culturas, y en este proceso, damos lugar a un crecimiento personal. A medida que atraviesa calles adoquinadas y mercados bulliciosos, se recuerda a s\u00ed misma la importancia de vivir en el presente. Su propuesta es clara: cada viaje debe ser una oportunidad para aprender, experimentar y, sobre todo, para ser aut\u00e9nticos.<\/p>\n<p>Este esp\u00edritu de autenticidad se siente en cada imagen que comparte. Las fotograf\u00edas capturan no solo el estilo que exhibe, sino tambi\u00e9n la belleza palpable de los lugares visitados. A trav\u00e9s de su mirada, el lector se siente invitado a formar parte de esas aventuras, a notar los peque\u00f1os detalles que a menudo se pasan por alto. La moda se convierte as\u00ed en un medio para explorar el mundo, pero tambi\u00e9n en un veh\u00edculo de expresi\u00f3n d\u00e1ndole un giro personal que hace que cada viaje sea \u00fanico.<\/p>\n<p>Adem\u00e1s, reflexiona sobre el impacto del viaje en su prop\u00f3sito personal. M\u00e1s all\u00e1 de los destinos y las pasarelas, existe una necesidad de conexi\u00f3n, de entender nuestro lugar en el mundo. En sus palabras, cada experiencia, cada interacci\u00f3n y cada estilo que adopta mientras viaja son pasos hacia una mayor comprensi\u00f3n de s\u00ed misma. Nos invita a todos a encontrar ese prop\u00f3sito a trav\u00e9s de nuestras propias aventuras.<\/p>\n<p>Este enfoque no solo enriquece nuestra experiencia de viajar, sino que tambi\u00e9n nos invita a reflexionar sobre lo que significa ser verdaderos consigo mismos. La moda, entonces, se transforma en un espejo que refleja nuestras experiencias, emociones y aprendizajes, y los destinos a los que viajamos se convierten en el tel\u00f3n de fondo perfecto para esa historia.<\/p>\n<p>As\u00ed, la pr\u00f3xima vez que empacemos nuestras maletas para una nueva aventura, recordemos que no se trata solo de explorar un nuevo lugar, sino de c\u00f3mo esos momentos nos transforman. Cada destino, cada encuentro y cada prenda nos cuentan qui\u00e9nes somos y qui\u00e9nes aspiramos ser. Viajar y ser aut\u00e9nticos en nuestro estilo es quiz\u00e1s la combinaci\u00f3n m\u00e1s poderosa que podemos experimentar. Planificar nuestro pr\u00f3ximo viaje ya no se ver\u00e1 como una simple actividad, sino como un componente esencial de nuestra b\u00fasqueda personal e interior.<\/p>\n<p><em> &#8221; Sources playersoflife.com &#8221; <\/em><\/p>\n<p><em> &#8221; Fuentes playersoflife.com &#8221; <\/em><\/p>\n","protected":false},"excerpt":{"rendered":"<p>Un Viaje a la Esencia de la Moda y los Destinos En un mundo donde la moda y los viajes se entrelazan de formas sorprendentes, encontramos historias que nos inspiran a explorar no solo nuevos destinos, sino tambi\u00e9n a redescubrir nuestra propia esencia. Hablamos de la fascinante traves\u00eda de una mujer que ha logrado fusionar [&hellip;]<\/p>\n","protected":false},"author":4,"featured_media":1023389,"comment_status":"open","ping_status":"closed","sticky":false,"template":"","format":"standard","meta":{"om_disable_all_campaigns":false,"jnews-multi-image_gallery":[],"jnews_single_post":[],"jnews_primary_category":[],"jnews_social_meta":[],"footnotes":""},"categories":[39],"tags":[659,123290,545],"class_list":["post-1023388","post","type-post","status-publish","format-standard","has-post-thumbnail","hentry","category-viajes","tag-moda","tag-proposito","tag-viajes"],"_links":{"self":[{"href":"https:\/\/dimensionturistica.com\/es\/wp-json\/wp\/v2\/posts\/1023388","targetHints":{"allow":["GET"]}}],"collection":[{"href":"https:\/\/dimensionturistica.com\/es\/wp-json\/wp\/v2\/posts"}],"about":[{"href":"https:\/\/dimensionturistica.com\/es\/wp-json\/wp\/v2\/types\/post"}],"author":[{"embeddable":true,"href":"https:\/\/dimensionturistica.com\/es\/wp-json\/wp\/v2\/users\/4"}],"replies":[{"embeddable":true,"href":"https:\/\/dimensionturistica.com\/es\/wp-json\/wp\/v2\/comments?post=1023388"}],"version-history":[{"count":0,"href":"https:\/\/dimensionturistica.com\/es\/wp-json\/wp\/v2\/posts\/1023388\/revisions"}],"wp:featuredmedia":[{"embeddable":true,"href":"https:\/\/dimensionturistica.com\/es\/wp-json\/wp\/v2\/media\/1023389"}],"wp:attachment":[{"href":"https:\/\/dimensionturistica.com\/es\/wp-json\/wp\/v2\/media?parent=1023388"}],"wp:term":[{"taxonomy":"category","embeddable":true,"href":"https:\/\/dimensionturistica.com\/es\/wp-json\/wp\/v2\/categories?post=1023388"},{"taxonomy":"post_tag","embeddable":true,"href":"https:\/\/dimensionturistica.com\/es\/wp-json\/wp\/v2\/tags?post=1023388"}],"curies":[{"name":"wp","href":"https:\/\/api.w.org\/{rel}","templated":true}]}}