{"id":1023286,"date":"2025-08-05T16:48:34","date_gmt":"2025-08-05T16:48:34","guid":{"rendered":"https:\/\/dimensionturistica.com\/es\/?p=1023286"},"modified":"2025-08-05T16:48:34","modified_gmt":"2025-08-05T16:48:34","slug":"blazer-de-cuero-retro-de-los-90-esta-chaqueta-de-piel-sera-tu-companera-chic","status":"publish","type":"post","link":"https:\/\/dimensionturistica.com\/es\/blazer-de-cuero-retro-de-los-90-esta-chaqueta-de-piel-sera-tu-companera-chic\/","title":{"rendered":"Blazer de cuero retro de los 90: Esta chaqueta de piel ser\u00e1 tu compa\u00f1era chic."},"content":{"rendered":"<h3>El Regreso Triunfal del Cuero: Tendencias para el Verano 2025<\/h3>\n<p>A medida que nos adentramos en la temporada de verano de 2025, se observa un renacer de las tendencias de moda que han marcado \u00e9poca, y entre ellas, el cuero se posiciona como uno de los favoritos. La versatilidad de esta textura, combinada con su conexi\u00f3n nost\u00e1lgica a los a\u00f1os 90, ofrece a los fashionistas una oportunidad de jugar con estilos y crear looks \u00fanicos y audaces.<\/p>\n<h4>El Blazer de Cuero: Un Cl\u00e1sico Reimaginado<\/h4>\n<p>El blazer de cuero ha resurgido como una pieza clave en el guardarropa contempor\u00e1neo, manteniendo su elegancia y sofisticaci\u00f3n pero con un giro moderno. Esta prenda no solo se asocia con el fr\u00edo invierno; en el verano 2025, se observa una tendencia a utilizarlo sobre vestidos ligeros o con una sencilla camiseta y pantalones cortos, transformando un look casual en uno chic y pulido. La clave est\u00e1 en elegir colores y cortes que, aunque inspirados en los 90, se adapten a las paletas contempor\u00e1neas.<\/p>\n<h4>Chamarra de Cuero: Estilo y Funcionalidad<\/h4>\n<p>Otra prenda que ha cobrado relevancia es la chamarra de cuero, que se ha renovado para ser c\u00f3moda y ligera, perfecta para las noches frescas de verano. Ideal para quienes buscan un outfit que combine la practicidad con un toque de audacia, este elemento cl\u00e1sico se puede acoplar f\u00e1cilmente a diferentes estilos, desde lo bohemio hasta lo urbano. La combinaci\u00f3n de esta chamarra con una blusa de tirantes y jeans ajustados puede crear un look perfecto para una salida nocturna.<\/p>\n<h4>Texturas y Combinaciones<\/h4>\n<p>Una de las maravillas del cuero es su capacidad para reinventarse a trav\u00e9s de diferentes texturas y acabados. Los dise\u00f1os en mate y brillo est\u00e1n en boga, permitiendo que cada outfit hable por s\u00ed mismo. Adem\u00e1s, la mezcla de materiales como el algod\u00f3n o la seda con el cuero genera un contraste interesante, aportando fluidez y movimiento a las elecciones de vestimenta.<\/p>\n<h4>Colores Vibrantes y Cortes Innovadores<\/h4>\n<p>Los colores est\u00e1n experimentando una revoluci\u00f3n. Los cl\u00e1sicos negro y marr\u00f3n siguen siendo esenciales, pero la incorporaci\u00f3n de tonos vibrantes como el azul el\u00e9ctrico, el verde lim\u00f3n y el rojo intenso proporcionan un aire fresquista y atrevido. Los cortes asim\u00e9tricos y las siluetas oversized est\u00e1n ganando terreno, lo que les permite a los entusiastas de la moda explorar nuevas formas de expresi\u00f3n personal a trav\u00e9s de su vestimenta.<\/p>\n<h4>El Cotizador de Tendencias<\/h4>\n<p>Para quienes deseen estar al tanto de las nuevas tendencias y c\u00f3mo lucirlas al mejor estilo, seguir a influenciadores que se especializan en moda de los 90 puede ser una excelente manera de inspirarse. Ellos no solo muestran c\u00f3mo llevar el cuero de manera moderna, sino que tambi\u00e9n proponen combinaciones inesperadas que pueden transformar por completo un outfit.<\/p>\n<h4>Conclusi\u00f3n<\/h4>\n<p>El cuero, lejos de ser simplemente una prenda de invierno, est\u00e1 demostrando ser un aliado vers\u00e1til y estiloso para el verano 2025. Su capacidad de adaptaci\u00f3n a los estilos m\u00e1s ecl\u00e9cticos y su conexi\u00f3n con d\u00e9cadas pasadas lo convierten en una opci\u00f3n irresistible para quienes buscan marcar la diferencia con sus elecciones de moda. As\u00ed que, mientras el sol brilla y las temperaturas se elevan, no dudes en incorporar el cuero a tu guardarropa y dejar que tu estilo destaque, reflejando esa esencia nost\u00e1lgica y, a la vez, actual.<\/p>\n<p><em> &#8221; Sources www.vogue.mx &#8221; <\/em><\/p>\n<p><em> &#8221; Fuentes www.vogue.mx &#8221; <\/em><\/p>\n","protected":false},"excerpt":{"rendered":"<p>El Regreso Triunfal del Cuero: Tendencias para el Verano 2025 A medida que nos adentramos en la temporada de verano de 2025, se observa un renacer de las tendencias de moda que han marcado \u00e9poca, y entre ellas, el cuero se posiciona como uno de los favoritos. La versatilidad de esta textura, combinada con su [&hellip;]<\/p>\n","protected":false},"author":4,"featured_media":1023287,"comment_status":"open","ping_status":"closed","sticky":false,"template":"","format":"standard","meta":{"om_disable_all_campaigns":false,"jnews-multi-image_gallery":[],"jnews_single_post":[],"jnews_primary_category":[],"jnews_social_meta":[],"footnotes":""},"categories":[144872],"tags":[240397,138368,199151,203270,194743,40438,206176,659,217099,240398,200334,240396],"class_list":["post-1023286","post","type-post","status-publish","format-standard","has-post-thumbnail","hentry","category-fashion","tag-aliada-elegante","tag-anos-90","tag-blazer","tag-chamarra-de-piel","tag-chamarras","tag-cuero","tag-estilo-retro","tag-moda","tag-moda-vintage","tag-prendas-de-cuero","tag-primavera-verano-2025","tag-saco-de-cuero"],"_links":{"self":[{"href":"https:\/\/dimensionturistica.com\/es\/wp-json\/wp\/v2\/posts\/1023286","targetHints":{"allow":["GET"]}}],"collection":[{"href":"https:\/\/dimensionturistica.com\/es\/wp-json\/wp\/v2\/posts"}],"about":[{"href":"https:\/\/dimensionturistica.com\/es\/wp-json\/wp\/v2\/types\/post"}],"author":[{"embeddable":true,"href":"https:\/\/dimensionturistica.com\/es\/wp-json\/wp\/v2\/users\/4"}],"replies":[{"embeddable":true,"href":"https:\/\/dimensionturistica.com\/es\/wp-json\/wp\/v2\/comments?post=1023286"}],"version-history":[{"count":0,"href":"https:\/\/dimensionturistica.com\/es\/wp-json\/wp\/v2\/posts\/1023286\/revisions"}],"wp:featuredmedia":[{"embeddable":true,"href":"https:\/\/dimensionturistica.com\/es\/wp-json\/wp\/v2\/media\/1023287"}],"wp:attachment":[{"href":"https:\/\/dimensionturistica.com\/es\/wp-json\/wp\/v2\/media?parent=1023286"}],"wp:term":[{"taxonomy":"category","embeddable":true,"href":"https:\/\/dimensionturistica.com\/es\/wp-json\/wp\/v2\/categories?post=1023286"},{"taxonomy":"post_tag","embeddable":true,"href":"https:\/\/dimensionturistica.com\/es\/wp-json\/wp\/v2\/tags?post=1023286"}],"curies":[{"name":"wp","href":"https:\/\/api.w.org\/{rel}","templated":true}]}}