{"id":102313,"date":"2021-03-25T22:07:52","date_gmt":"2021-03-25T22:07:52","guid":{"rendered":"https:\/\/dimensionturistica.com\/es\/?p=102313"},"modified":"2021-03-25T22:07:52","modified_gmt":"2021-03-25T22:07:52","slug":"por-cierre-de-playas-empresas-de-turismo-en-santander-cancelaron-sus-viajes","status":"publish","type":"post","link":"https:\/\/dimensionturistica.com\/es\/por-cierre-de-playas-empresas-de-turismo-en-santander-cancelaron-sus-viajes\/","title":{"rendered":"Por cierre de playas, empresas de turismo en Santander cancelaron sus viajes"},"content":{"rendered":"<p> <br \/>\n<\/p>\n<div mlnid=\"idcon=5492522;order=9.0\">\n<p> Nuevamente el coronavirus le jug\u00f3 una mala pasada a los empresarios del turismo en Santander. Esta vez por cuenta de las restricciones en los municipios de la Costa Caribe, la Semana Santa ser\u00e1 un trago amargo para quienes viven del sector. <\/p>\n<p> En Barranquilla, Santa Marta y Cartagena hay alerta debido al elevado n\u00famero de nuevos contagios que a diario se reportan y ante la alta ocupaci\u00f3n de camas de Cuidados Intensivos, UCI. <\/p>\n<p> Lea tambi\u00e9n: <a rel=\"nofollow noopener\" target=\"_blank\" href=\"https:\/\/www.vanguardia.com\/area-metropolitana\/bucaramanga\/playas-cerradas-y-restringidas-lo-que-debe-saber-si-viaja-a-la-costa-YH3559313\">Playas cerradas y restringidas: lo que debe saber si viaja a la costa.<\/a> <\/p>\n<p> Ante este panorama, las empresas que viven del turismo en el departamento tuvieron que cancelar los viajes que ya ten\u00edan programados para la temporada de Semana Santa a estas zonas del pa\u00eds. <\/p>\n<p> <!-- Cxense Module End --> <\/p>\n<p> Giovanny Herrera, gerente Comercial de la empresa Common de Turismo le manifest\u00f3 a Vanguardia su preocupaci\u00f3n por la situaci\u00f3n que nuevamente los pone a padecer econ\u00f3micamente. <\/p>\n<p> \u201cIndudablemente hay que suspender los viajes porque no tiene sentido viajar para no ir a las playas. La gente no va a hacer una inversi\u00f3n para ir a quedarse en un hotel. Autom\u00e1ticamente se nos est\u00e1n cayendo todas las reservas. Las excursiones a Santa Marta, por ejemplo, de parte nuestra y de otros compa\u00f1eros quedan canceladas. En estos momentos la gente tiene temor\u201d, expres\u00f3. <\/p>\n<p> Adem\u00e1s: <a rel=\"nofollow noopener\" target=\"_blank\" href=\"https:\/\/www.vanguardia.com\/area-metropolitana\/bucaramanga\/medicos-de-un-hospital-de-santander-no-han-sido-inmunizados-contra-el-covid-19-porque-no-aparecen-en-mi-vacuna-XX3563303\">M\u00e9dicos de un hospital de Santander no han sido inmunizados contra el Covid-19 porque no aparecen en \u2018Mi Vacuna\u2019.<\/a> <\/p>\n<p> Seg\u00fan Herrera, la Semana Santa period un salvavidas a la amplia disaster econ\u00f3mica que han tenido que enfrentar desde noviembre de 2019. <\/p>\n<p> \u201cVenimos de golpe en golpe. Nuestra econom\u00eda es estacional, vivimos de las temporadas. Nos hicieron lo mismo que en el puente de reyes, faltando unos d\u00edas sacaron los decretos y nos perjudicaron, otra vez nos da\u00f1aron la temporada\u201d, enfatiz\u00f3. <\/p>\n<p> <b>Piden apoyo de las autoridades<\/b> <\/p>\n<p> Seg\u00fan Giovanny Herrera, en medio de la pandemia por el Covid-19 no han recibido ayudas contundentes del Estado. <\/p>\n<p> \u201cEstamos colapsados desde noviembre de 2019, cuando en China apareci\u00f3 el virus, desde entonces se cancelaron las reservas a Europa, no podemos vender viajes a Suram\u00e9rica y lo poco local tampoco nos lo dejan mover. Necesitamos que los mandatarios se pongan en nuestros zapatos, estas medidas atemorizan y la gente no sale. As\u00ed como socializan las restricciones deber\u00edan promover las excepciones, pues esto nuevamente nos est\u00e1 generando un impacto negativo. Est\u00e1n acabando de enterrar nuestra econom\u00eda, que hasta ahora empezaba a renacer\u201d. <\/p>\n<p> Puede leer: <a rel=\"nofollow noopener\" target=\"_blank\" href=\"https:\/\/www.vanguardia.com\/area-metropolitana\/bucaramanga\/asi-funcionara-el-pico-y-cedula-y-el-toque-de-queda-en-santander-hasta-el-5-de-abril-JB3560856\">As\u00ed funcionar\u00e1 el Pico y C\u00e9dula y el Toque de Queda en Santander hasta el 5 de abril.<\/a> <\/p>\n<p> <b>La otra cara de la moneda<\/b> <\/p>\n<p> La otra cara de la moneda la viven las empresas de turismo que tienen mejor management en el aforo y que no visitan lugares p\u00fablicos y concurridos, como Almas Aventureras, un proyecto santandereano que promueve el turismo de aventura. <\/p>\n<p> De acuerdo con Angie Gonz\u00e1lez, ellos siguen en pie con sus viajes. <\/p>\n<p> \u201cEn Semana Santa vamos a hacer una visita a una de las playas del Parque Tayrona que no es p\u00fablica. Parques Naturales va a controlar el tema del aforo. De momento seguimos adelante con nuestros destinos, pero si tenemos que cancelar alg\u00fan viaje porque las restricciones son muy fuertes lo haremos y pensar\u00edamos en modificar las fechas\u201d, explic\u00f3. <\/p>\n<p> <b>El Terminal de Transporte continuar\u00e1 operando <\/b> <\/p>\n<p> William Ardila, gerente del Terminal de Transporte de Bucaramanga indic\u00f3 que la movilidad en sus instalaciones no se ha afectado. \u201cSeguimos operando con normalidad, las empresas de transporte que viajan a la costa lo van a hacer sin problema pese a que es evidente que el n\u00famero de pasajeros va a bajar\u201d. <\/p>\n<p> Seg\u00fan Ardila, no es com\u00fan lo que est\u00e1 pasando. Comparado con la Semana Santa del 2019 se registra una reducci\u00f3n del 50 % en los servicios. <\/p>\n<p> \u201cEl terminal va a operar las 24 horas pero para comprar tiquetes es importante que tengan en cuenta que se debe solicitar con antelaci\u00f3n, pues las empresas ajustan sus horarios de salida de acuerdo a la demanda de pasajeros\u201d, resalt\u00f3 el gerente de la terminal. <\/p>\n<p> As\u00ed las cosas, si tiene pensado viajar tenga en cuenta las medidas vigentes y que se contemplan implementar en cada destino referido de la Regi\u00f3n Caribe. <\/p>\n<\/p><\/div>\n\n<p><em> &#8221; Fuentes m.vanguardia.com &#8221; <\/em><\/p>\n","protected":false},"excerpt":{"rendered":"<p>Nuevamente el coronavirus le jug\u00f3 una mala pasada a los empresarios del turismo en Santander. Esta vez por cuenta de las restricciones en los municipios de la Costa Caribe, la Semana Santa ser\u00e1 un trago amargo para quienes viven del sector. En Barranquilla, Santa Marta y Cartagena hay alerta debido al elevado n\u00famero de nuevos [&hellip;]<\/p>\n","protected":false},"author":4,"featured_media":102314,"comment_status":"open","ping_status":"closed","sticky":false,"template":"","format":"standard","meta":{"om_disable_all_campaigns":false,"jnews-multi-image_gallery":[],"jnews_single_post":[],"jnews_primary_category":[],"jnews_social_meta":[],"footnotes":""},"categories":[39],"tags":[55],"class_list":["post-102313","post","type-post","status-publish","format-standard","has-post-thumbnail","hentry","category-viajes","tag-coronavirus"],"_links":{"self":[{"href":"https:\/\/dimensionturistica.com\/es\/wp-json\/wp\/v2\/posts\/102313","targetHints":{"allow":["GET"]}}],"collection":[{"href":"https:\/\/dimensionturistica.com\/es\/wp-json\/wp\/v2\/posts"}],"about":[{"href":"https:\/\/dimensionturistica.com\/es\/wp-json\/wp\/v2\/types\/post"}],"author":[{"embeddable":true,"href":"https:\/\/dimensionturistica.com\/es\/wp-json\/wp\/v2\/users\/4"}],"replies":[{"embeddable":true,"href":"https:\/\/dimensionturistica.com\/es\/wp-json\/wp\/v2\/comments?post=102313"}],"version-history":[{"count":0,"href":"https:\/\/dimensionturistica.com\/es\/wp-json\/wp\/v2\/posts\/102313\/revisions"}],"wp:featuredmedia":[{"embeddable":true,"href":"https:\/\/dimensionturistica.com\/es\/wp-json\/wp\/v2\/media\/102314"}],"wp:attachment":[{"href":"https:\/\/dimensionturistica.com\/es\/wp-json\/wp\/v2\/media?parent=102313"}],"wp:term":[{"taxonomy":"category","embeddable":true,"href":"https:\/\/dimensionturistica.com\/es\/wp-json\/wp\/v2\/categories?post=102313"},{"taxonomy":"post_tag","embeddable":true,"href":"https:\/\/dimensionturistica.com\/es\/wp-json\/wp\/v2\/tags?post=102313"}],"curies":[{"name":"wp","href":"https:\/\/api.w.org\/{rel}","templated":true}]}}