{"id":1022643,"date":"2025-08-04T14:47:03","date_gmt":"2025-08-04T14:47:03","guid":{"rendered":"https:\/\/dimensionturistica.com\/es\/?p=1022643"},"modified":"2025-08-04T14:47:03","modified_gmt":"2025-08-04T14:47:03","slug":"desilusion-por-los-viajes-de-los-morenistas-la-verdadera-autoridad-se-ejerce-con-modestia","status":"publish","type":"post","link":"https:\/\/dimensionturistica.com\/es\/desilusion-por-los-viajes-de-los-morenistas-la-verdadera-autoridad-se-ejerce-con-modestia\/","title":{"rendered":"Desilusi\u00f3n por los viajes de los morenistas: \u201cLa verdadera autoridad se ejerce con modestia\u201d"},"content":{"rendered":"<h3>La Humildad como Virtud del Viaje Pol\u00edtico<\/h3>\n<p>En un mundo donde el turismo y la pol\u00edtica a menudo se entrelazan, surge un tema fascinante que vale la pena explorar: el ejercicio del poder desde la humildad. Esta narrativa se torna a\u00fan m\u00e1s interesante cuando se examina a trav\u00e9s del prisma de los viajes de figuras pol\u00edticas, quienes, de alguna manera, generan tanto admiraci\u00f3n como controversia.<\/p>\n<p>En el contexto actual, l\u00edderes y representantes suelen ser objeto de cr\u00edticas por sus desplazamientos, especialmente cuando se trata de viajes no oficiales. Sin embargo, \u00bfes realmente necesario despreciar estas acciones o se pueden ver desde un \u00e1ngulo m\u00e1s constructivo?<\/p>\n<p>La reciente conversaci\u00f3n sobre los viajes de ciertos miembros de un partido pol\u00edtico refleja una dualidad en la percepci\u00f3n del liderazgo. Algunos sostienen que la esencia del poder radica en la cercan\u00eda con la ciudadan\u00eda, lo que implica moverse y conocer diversas realidades. La idea de que &#8220;el poder se ejerce con humildad&#8221; invita a una reflexi\u00f3n m\u00e1s profunda sobre la naturaleza del liderazgo y la responsabilidad que conlleva.<\/p>\n<p>En este sentido, el turismo pol\u00edtico puede ser visto como una oportunidad para acercar a los l\u00edderes a sus comunidades, pero tambi\u00e9n para que estos se mezclen con el pueblo, compartiendo experiencias y aprendiendo de la realidad cotidiana. Esta forma de conexi\u00f3n puede resultar en una pol\u00edtica m\u00e1s consciente y emp\u00e1tica, donde se priorizan las necesidades reales de la poblaci\u00f3n.<\/p>\n<p>Sin embargo, la percepci\u00f3n social sobre estos viajes no siempre es positiva. La exigencia de transparencia y rendici\u00f3n de cuentas en el uso de recursos p\u00fablicos es v\u00e1lida y debe ser prioritaria. Los viajes deben ser justificados y alineados con prop\u00f3sitos que beneficien a la comunidad.<\/p>\n<p>Por otro lado, el hecho de que un l\u00edder pol\u00edtico viaje no debe ser, en s\u00ed mismo, motivo de desaprobaci\u00f3n. Al contrario, puede interpretarse como un esfuerzo por construir puentes, explorar nuevas ideas y fortalecer la red de colaboraci\u00f3n entre diferentes sectores. La clave est\u00e1 en la intenci\u00f3n y en la manera en que esos encuentros se traducen en acciones concretas.<\/p>\n<p>La experiencia de viajar, ya sea por placer o por trabajo, posee la capacidad de transformar la perspectiva de quien lo realiza. Al confrontarse con realidades diversas, se ampliar\u00e1n horizontes que, en el \u00e1mbito pol\u00edtico, podr\u00edan significar soluciones innovadoras a problemas complejos.<\/p>\n<p>Finalizando, mientras el mundo se enfrenta a desaf\u00edos cada vez mayores, es esencial que quienes ocupan posiciones de poder lo hagan con humildad y compromiso. El turismo, en su forma m\u00e1s pura, puede convertirse en un veh\u00edculo de aprendizaje y crecimiento, tanto a nivel personal como colectivo. As\u00ed, los viajes de l\u00edderes no solo deben ser vistos como movimientos estrat\u00e9gicos, sino como una serie de oportunidades para cultivar una pol\u00edtica m\u00e1s humana y cercana a la ciudadan\u00eda. En \u00faltima instancia, la verdadera riqueza del viaje radica en el intercambio de ideas, en las conversaciones que surgen y en la capacidad de escuchar lo que la gente tiene que decir.<\/p>\n<p><em> &#8221; Sources www.infobae.com &#8221; <\/em><\/p>\n<p><em> &#8221; Fuentes www.infobae.com &#8221; <\/em><\/p>\n","protected":false},"excerpt":{"rendered":"<p>La Humildad como Virtud del Viaje Pol\u00edtico En un mundo donde el turismo y la pol\u00edtica a menudo se entrelazan, surge un tema fascinante que vale la pena explorar: el ejercicio del poder desde la humildad. Esta narrativa se torna a\u00fan m\u00e1s interesante cuando se examina a trav\u00e9s del prisma de los viajes de figuras [&hellip;]<\/p>\n","protected":false},"author":4,"featured_media":0,"comment_status":"open","ping_status":"closed","sticky":false,"template":"","format":"standard","meta":{"om_disable_all_campaigns":false,"jnews-multi-image_gallery":[],"jnews_single_post":[],"jnews_primary_category":[],"jnews_social_meta":[],"footnotes":""},"categories":[39],"tags":[240152],"class_list":["post-1022643","post","type-post","status-publish","format-standard","hentry","category-viajes","tag-sheinbaum-decepcion-morenistas-viajes-poder-humildad-politica-mexico-liderazgo-gobierno"],"_links":{"self":[{"href":"https:\/\/dimensionturistica.com\/es\/wp-json\/wp\/v2\/posts\/1022643","targetHints":{"allow":["GET"]}}],"collection":[{"href":"https:\/\/dimensionturistica.com\/es\/wp-json\/wp\/v2\/posts"}],"about":[{"href":"https:\/\/dimensionturistica.com\/es\/wp-json\/wp\/v2\/types\/post"}],"author":[{"embeddable":true,"href":"https:\/\/dimensionturistica.com\/es\/wp-json\/wp\/v2\/users\/4"}],"replies":[{"embeddable":true,"href":"https:\/\/dimensionturistica.com\/es\/wp-json\/wp\/v2\/comments?post=1022643"}],"version-history":[{"count":0,"href":"https:\/\/dimensionturistica.com\/es\/wp-json\/wp\/v2\/posts\/1022643\/revisions"}],"wp:attachment":[{"href":"https:\/\/dimensionturistica.com\/es\/wp-json\/wp\/v2\/media?parent=1022643"}],"wp:term":[{"taxonomy":"category","embeddable":true,"href":"https:\/\/dimensionturistica.com\/es\/wp-json\/wp\/v2\/categories?post=1022643"},{"taxonomy":"post_tag","embeddable":true,"href":"https:\/\/dimensionturistica.com\/es\/wp-json\/wp\/v2\/tags?post=1022643"}],"curies":[{"name":"wp","href":"https:\/\/api.w.org\/{rel}","templated":true}]}}