{"id":1022428,"date":"2025-08-04T03:17:53","date_gmt":"2025-08-04T03:17:53","guid":{"rendered":"https:\/\/dimensionturistica.com\/es\/?p=1022428"},"modified":"2025-08-04T03:17:53","modified_gmt":"2025-08-04T03:17:53","slug":"las-travesias-exclusivas-de-lideres-mexicanos-provocan-una-crisis-interna-en-la-agrupacion-de-sheinbaum","status":"publish","type":"post","link":"https:\/\/dimensionturistica.com\/es\/las-travesias-exclusivas-de-lideres-mexicanos-provocan-una-crisis-interna-en-la-agrupacion-de-sheinbaum\/","title":{"rendered":"Las traves\u00edas exclusivas de l\u00edderes mexicanos provocan una crisis interna en la agrupaci\u00f3n de Sheinbaum."},"content":{"rendered":"<h3>Un Viaje a la Controversia: El Lujo y la Pol\u00edtica en M\u00e9xico<\/h3>\n<p>En un mundo donde el turismo se entrelaza con la pol\u00edtica, la reciente controversia en M\u00e9xico ofrece un apasionante vistazo a la relaci\u00f3n simbi\u00f3tica entre los altos cargos del gobierno y el lujo que a menudo les rodea. Mientras los destinos tur\u00edsticos del pa\u00eds contin\u00faan atrayendo a visitantes de todas partes del mundo, surge una discusi\u00f3n sobre la \u00e9tica detr\u00e1s de los estilos de vida ostentosos de ciertos funcionarios p\u00fablicos.<\/p>\n<p>M\u00e9xico, un pa\u00eds rico en cultura y diversidad, es tambi\u00e9n un destino que ha sido objeto de admiraci\u00f3n y cr\u00edtica. Las playas paradis\u00edacas de Canc\u00fan, la historia colonial de Oaxaca y las vibrantes calles de Ciudad de M\u00e9xico ofrecen experiencias \u00fanicas. Sin embargo, el glamour de estos lugares contrasta con la realidad social de muchos mexicanos. Esta disonancia se hace a\u00fan m\u00e1s evidente cuando se revelan las extravagantes traves\u00edas de figuras pol\u00edticas, ya sea a trav\u00e9s de viajes de lujo o estancias en resorts exclusivos.<\/p>\n<p>La pol\u00e9mica surge en un entorno donde los ciudadanos esperan transparencia y responsabilidad de sus l\u00edderes. Mientras los turistas disfrutan de lo mejor que el pa\u00eds tiene para ofrecer, una fracci\u00f3n de la poblaci\u00f3n se pregunta si los fondos p\u00fablicos est\u00e1n siendo utilizados de manera adecuada. \u00bfEs justo que los funcionarios se deleiten en viajes de ensue\u00f1o mientras los problemas sociales persisten?<\/p>\n<p>El caso de altos cargos mexicanos generando reacciones en la opini\u00f3n p\u00fablica se convierte, as\u00ed, en un espejo de las tensiones sociales, donde el bienestar de algunos contrasta dr\u00e1sticamente con la lucha diaria de muchos. Esta situaci\u00f3n nos obliga a considerar el impacto que el turismo de lujo tiene no solo en la econom\u00eda, sino tambi\u00e9n en la percepci\u00f3n nacional e internacional de la \u00e9tica en la gobernanza.<\/p>\n<p>A medida que los viajeros consideran sus propios itinerarios, es importante reflexionar sobre el contexto m\u00e1s amplio. El turismo, en su forma m\u00e1s pura, deber\u00eda ser un puente entre culturas, una oportunidad para aprender y construir un entendimiento mutuo. Sin embargo, cuando se ve empa\u00f1ado por la pol\u00e9mica, puede convertirse en un tema de discusi\u00f3n que trasciende lo superficial.<\/p>\n<p>As\u00ed, explorar M\u00e9xico se convierte en una experiencia de doble filo. Uno puede deleitarse con su belleza y calidez, pero tambi\u00e9n es esencial involucrarse, preguntarse y, de ser necesario, cuestionar. Al final del d\u00eda, el turismo puede ser una herramienta poderosa para el cambio social, siempre que se administre con conciencia y responsabilidad. <\/p>\n<p>La pr\u00f3xima vez que pienses en tu pr\u00f3ximo destino, recuerda que cada lugar tiene su propia historia que contar, y algunas de ellas pueden estar marcadas por el lujo y la controversia. \u00bfC\u00f3mo deseas que tu viaje contribuya al relato de este hermoso pa\u00eds?<\/p>\n<p><em> &#8221; Sources www.larazon.es &#8221; <\/em><\/p>\n<p><em> &#8221; Fuentes www.larazon.es &#8221; <\/em><\/p>\n","protected":false},"excerpt":{"rendered":"<p>Un Viaje a la Controversia: El Lujo y la Pol\u00edtica en M\u00e9xico En un mundo donde el turismo se entrelaza con la pol\u00edtica, la reciente controversia en M\u00e9xico ofrece un apasionante vistazo a la relaci\u00f3n simbi\u00f3tica entre los altos cargos del gobierno y el lujo que a menudo les rodea. Mientras los destinos tur\u00edsticos del [&hellip;]<\/p>\n","protected":false},"author":4,"featured_media":1022429,"comment_status":"open","ping_status":"closed","sticky":false,"template":"","format":"standard","meta":{"om_disable_all_campaigns":false,"jnews-multi-image_gallery":[],"jnews_single_post":[],"jnews_primary_category":[],"jnews_social_meta":[],"footnotes":""},"categories":[39],"tags":[127314,240067,2205,240065,238280,153955,41466,240066,176013,25640],"class_list":["post-1022428","post","type-post","status-publish","format-standard","has-post-thumbnail","hentry","category-viajes","tag-altos-cargos","tag-clase-politica","tag-corrupcion","tag-crisis-interna","tag-etica-politica","tag-gastos-excesivos","tag-gobernanza","tag-partido-de-sheinbaum","tag-politica-mexicana","tag-viajes-de-lujo"],"_links":{"self":[{"href":"https:\/\/dimensionturistica.com\/es\/wp-json\/wp\/v2\/posts\/1022428","targetHints":{"allow":["GET"]}}],"collection":[{"href":"https:\/\/dimensionturistica.com\/es\/wp-json\/wp\/v2\/posts"}],"about":[{"href":"https:\/\/dimensionturistica.com\/es\/wp-json\/wp\/v2\/types\/post"}],"author":[{"embeddable":true,"href":"https:\/\/dimensionturistica.com\/es\/wp-json\/wp\/v2\/users\/4"}],"replies":[{"embeddable":true,"href":"https:\/\/dimensionturistica.com\/es\/wp-json\/wp\/v2\/comments?post=1022428"}],"version-history":[{"count":0,"href":"https:\/\/dimensionturistica.com\/es\/wp-json\/wp\/v2\/posts\/1022428\/revisions"}],"wp:featuredmedia":[{"embeddable":true,"href":"https:\/\/dimensionturistica.com\/es\/wp-json\/wp\/v2\/media\/1022429"}],"wp:attachment":[{"href":"https:\/\/dimensionturistica.com\/es\/wp-json\/wp\/v2\/media?parent=1022428"}],"wp:term":[{"taxonomy":"category","embeddable":true,"href":"https:\/\/dimensionturistica.com\/es\/wp-json\/wp\/v2\/categories?post=1022428"},{"taxonomy":"post_tag","embeddable":true,"href":"https:\/\/dimensionturistica.com\/es\/wp-json\/wp\/v2\/tags?post=1022428"}],"curies":[{"name":"wp","href":"https:\/\/api.w.org\/{rel}","templated":true}]}}