{"id":1021842,"date":"2025-08-02T16:31:45","date_gmt":"2025-08-02T16:31:45","guid":{"rendered":"https:\/\/dimensionturistica.com\/es\/?p=1021842"},"modified":"2025-08-02T16:31:45","modified_gmt":"2025-08-02T16:31:45","slug":"luisa-alcalde-denuncia-a-samuel-garcia-por-gastos-excesivos-con-fondos-publicos-y-respalda-a-los-morenistas","status":"publish","type":"post","link":"https:\/\/dimensionturistica.com\/es\/luisa-alcalde-denuncia-a-samuel-garcia-por-gastos-excesivos-con-fondos-publicos-y-respalda-a-los-morenistas\/","title":{"rendered":"Luisa Alcalde denuncia a Samuel Garc\u00eda por gastos excesivos con fondos p\u00fablicos y respalda a los morenistas."},"content":{"rendered":"<h3>Turismo y Pol\u00e9micas: El Impacto de la Pol\u00edtica en los Viajes de Lujo<\/h3>\n<p>La intersecci\u00f3n entre turismo y pol\u00edtica siempre ha sido un terreno f\u00e9rtil para la controversia. Recientemente, el caso de viajes de lujo financiados con dinero p\u00fablico ha acaparado la atenci\u00f3n medi\u00e1tica, revelando no solo la realidad de ciertos l\u00edderes, sino tambi\u00e9n el debate sobre la \u00e9tica en el uso de fondos p\u00fablicos. Este esc\u00e1ndalo pone en tela de juicio los valores en la gesti\u00f3n estatal y pone de relieve la percepci\u00f3n p\u00fablica del turismo como una herramienta de promoci\u00f3n y desarrollo.<\/p>\n<p>Imaginemos un intercambio donde el turismo deber\u00eda ser un veh\u00edculo para fortalecer la cultura y la econom\u00eda local, pero se transforma en un s\u00edmbolo de derroche. En este contexto, ciertos pol\u00edticos han sido acusados de aprovecharse de las arcas p\u00fablicas para financiar escapadas ostentosas, un tipo de comportamiento que irrita a la ciudadan\u00eda y afecta la percepci\u00f3n del turismo en el pa\u00eds.<\/p>\n<h3>Viajes de Lujo: \u00bfUn Lujo Necesario?<\/h3>\n<p>Los viajes pol\u00edticos, cuando se realizan de manera adecuada, tienen el potencial de abrir puertas para el desarrollo regional, la promoci\u00f3n de destinos y la atracci\u00f3n de inversi\u00f3n. Sin embargo, cuando estos se convierten en escapadas personales a costa del erario, el da\u00f1o es considerable. Las cr\u00edticas no solo se centran en el acto en s\u00ed, sino en lo que representa: un abuso del poder y una desconexi\u00f3n con la realidad de la poblaci\u00f3n, especialmente en un mundo donde muchas familias luchan por llegar a fin de mes.<\/p>\n<h3>Tiempos de Cambio<\/h3>\n<p>Frente a situaciones como esta, surge la pregunta: \u00bfc\u00f3mo podemos garantizar que el turismo siga siendo una herramienta para el bien com\u00fan? Es fundamental que las administraciones p\u00fablicas puedan rendir cuentas de sus gastos y justificar cada viaje realizado en nombre del Estado. La transparencia se vuelve crucial para restaurar la confianza en el liderazgo y en el sector tur\u00edstico.<\/p>\n<p>Las iniciativas que promueven un turismo \u00e9tico y responsable son m\u00e1s importantes que nunca. Con un enfoque en el desarrollo sostenible, se puede transformar esta situaci\u00f3n adversa en una oportunidad para fomentar un turismo que beneficie a comunidades locales y conserve el patrimonio cultural y natural.<\/p>\n<h3>Hacia un Futuro M\u00e1s Transparente<\/h3>\n<p>El turismo necesita ser visto no solo como un negocio, sino como un compromiso social. Si los l\u00edderes pol\u00edticos adoptan un enfoque m\u00e1s responsable, no solo se reafirma la confianza de la ciudadan\u00eda, sino que tambi\u00e9n se sientan las bases para un futuro donde el turismo se convierta en un motor de cambio positivo.<\/p>\n<p>En conclusi\u00f3n, la controversia en torno a los viajes financiados con fondos p\u00fablicos es un recordatorio de que cada acci\u00f3n cuenta. Las decisiones tomadas en los despachos oficiales deben reflejar un compromiso genuino con el bienestar com\u00fan. Solo as\u00ed podremos construir un turismo que no solo beneficie a unos pocos, sino que sea un legado duradero para generaciones venideras.<\/p>\n<p><em> &#8221; Sources www.monitorexpresso.com &#8221; <\/em><\/p>\n<p><em> &#8221; Fuentes www.monitorexpresso.com &#8221; <\/em><\/p>\n","protected":false},"excerpt":{"rendered":"<p>Turismo y Pol\u00e9micas: El Impacto de la Pol\u00edtica en los Viajes de Lujo La intersecci\u00f3n entre turismo y pol\u00edtica siempre ha sido un terreno f\u00e9rtil para la controversia. Recientemente, el caso de viajes de lujo financiados con dinero p\u00fablico ha acaparado la atenci\u00f3n medi\u00e1tica, revelando no solo la realidad de ciertos l\u00edderes, sino tambi\u00e9n el [&hellip;]<\/p>\n","protected":false},"author":4,"featured_media":1021843,"comment_status":"open","ping_status":"closed","sticky":false,"template":"","format":"standard","meta":{"om_disable_all_campaigns":false,"jnews-multi-image_gallery":[],"jnews_single_post":[],"jnews_primary_category":[],"jnews_social_meta":[],"footnotes":""},"categories":[39],"tags":[89657,2205,89515,239050,218452,176013,5051,25640],"class_list":["post-1021842","post","type-post","status-publish","format-standard","has-post-thumbnail","hentry","category-viajes","tag-acusaciones","tag-corrupcion","tag-dinero-publico","tag-luisa-alcalde","tag-morenistas","tag-politica-mexicana","tag-samuel-garcia","tag-viajes-de-lujo"],"_links":{"self":[{"href":"https:\/\/dimensionturistica.com\/es\/wp-json\/wp\/v2\/posts\/1021842","targetHints":{"allow":["GET"]}}],"collection":[{"href":"https:\/\/dimensionturistica.com\/es\/wp-json\/wp\/v2\/posts"}],"about":[{"href":"https:\/\/dimensionturistica.com\/es\/wp-json\/wp\/v2\/types\/post"}],"author":[{"embeddable":true,"href":"https:\/\/dimensionturistica.com\/es\/wp-json\/wp\/v2\/users\/4"}],"replies":[{"embeddable":true,"href":"https:\/\/dimensionturistica.com\/es\/wp-json\/wp\/v2\/comments?post=1021842"}],"version-history":[{"count":0,"href":"https:\/\/dimensionturistica.com\/es\/wp-json\/wp\/v2\/posts\/1021842\/revisions"}],"wp:featuredmedia":[{"embeddable":true,"href":"https:\/\/dimensionturistica.com\/es\/wp-json\/wp\/v2\/media\/1021843"}],"wp:attachment":[{"href":"https:\/\/dimensionturistica.com\/es\/wp-json\/wp\/v2\/media?parent=1021842"}],"wp:term":[{"taxonomy":"category","embeddable":true,"href":"https:\/\/dimensionturistica.com\/es\/wp-json\/wp\/v2\/categories?post=1021842"},{"taxonomy":"post_tag","embeddable":true,"href":"https:\/\/dimensionturistica.com\/es\/wp-json\/wp\/v2\/tags?post=1021842"}],"curies":[{"name":"wp","href":"https:\/\/api.w.org\/{rel}","templated":true}]}}