{"id":1021543,"date":"2025-08-01T23:33:43","date_gmt":"2025-08-01T23:33:43","guid":{"rendered":"https:\/\/dimensionturistica.com\/es\/?p=1021543"},"modified":"2025-08-01T23:33:43","modified_gmt":"2025-08-01T23:33:43","slug":"luisa-maria-alcalde-denuncia-a-samuel-garcia-por-mal-uso-de-fondos-publicos-en-viajes-de-lujo-no-somos-lo-mismo","status":"publish","type":"post","link":"https:\/\/dimensionturistica.com\/es\/luisa-maria-alcalde-denuncia-a-samuel-garcia-por-mal-uso-de-fondos-publicos-en-viajes-de-lujo-no-somos-lo-mismo\/","title":{"rendered":"Luisa Mar\u00eda Alcalde denuncia a Samuel Garc\u00eda por mal uso de fondos p\u00fablicos en viajes de lujo: &#8216;No somos lo mismo&#8217;"},"content":{"rendered":"<h3>Turismo y \u00c9tica: Reflexiones sobre el uso de recursos p\u00fablicos<\/h3>\n<p>En el mundo del turismo, uno de los aspectos m\u00e1s relevantes no solo es el lugar que se visita, sino tambi\u00e9n el comportamiento de quienes gestionan esos destinos. Recientemente, las redes sociales y los medios de comunicaci\u00f3n han puesto en el foco un tema que interpela al sector: el uso de recursos p\u00fablicos para actividades personales y lujosas por parte de figuras pol\u00edticas. Esto suscita preguntas sobre la responsabilidad y la \u00e9tica en el \u00e1mbito del turismo.<\/p>\n<p>Imag\u00ednate un destino tur\u00edstico, perfecto para disfrutar de la belleza natural y cultural que ofrece. Ahora, piensa en c\u00f3mo la percepci\u00f3n de ese lugar se ve afectada por la conducta de sus representantes. Los viajes de lujo, pagados con fondos p\u00fablicos, generan una sensaci\u00f3n de indignaci\u00f3n y desconfianza. Esto es especialmente relevante en tiempos donde la transparencia es esencial para fomentar el turismo sostenible, responsable y \u00e9tico.<\/p>\n<p>La industria del turismo no solo depende de la belleza de sus paisajes o de la riqueza de su oferta cultural, sino tambi\u00e9n de la confianza que logran generar sus l\u00edderes. Cuando los ciudadanos empiezan a cuestionar la integridad de quienes los representan, la imagen del destino se ve perjudicada. \u00bfC\u00f3mo atraer visitantes a un lugar donde la \u00e9tica de sus administradores est\u00e1 en entredicho?<\/p>\n<p>Adem\u00e1s, la forma en que se utilizan los fondos p\u00fablicos puede influir directamente en la percepci\u00f3n internacional. Los turistas cada vez son m\u00e1s selectivos y conscientes de la huella que dejan y de las pr\u00e1cticas responsables de los destinos que eligen. La imagen de un destino se puede derrumbar con un esc\u00e1ndalo, pero tambi\u00e9n puede florecer bajo un liderazgo comprometido y transparente.<\/p>\n<p>El turismo, en esencia, es una experiencia compartida. Permite conectar a las personas con la cultura de un lugar, con su gente y su historia. Cuando esos v\u00ednculos se desarrollan en un marco de confianza y respeto, el impacto es positivo y duradero. Por eso, es fundamental que los l\u00edderes pol\u00edticos, quienes juegan un papel crucial en la promoci\u00f3n y desarrollo de sus territorios, permanezcan alineados con los valores de responsabilidad y transparencia.<\/p>\n<p>Promover un turismo \u00e9tico implica tambi\u00e9n hacer un llamado a la responsabilidad de los ciudadanos, quienes deben exigir cuentas a sus representantes. Solo as\u00ed se construyen bases s\u00f3lidas para un sector que tiene el potencial de transformar vidas y econom\u00edas.<\/p>\n<p>En conclusi\u00f3n, el futuro del turismo no radica \u00fanicamente en la atracci\u00f3n de visitantes, sino en mantener la integridad de quienes administran los destinos. Un compromiso con la \u00e9tica no solo fortalece la reputaci\u00f3n de un lugar, sino que tambi\u00e9n engancha a los viajeros que buscan experiencias aut\u00e9nticas y responsables. La pr\u00f3xima vez que planifiques tus vacaciones, piensa no solo en el destino, sino en la historia y los valores que lo sustentan. La responsabilidad en el turismo es un viaje de todos.<\/p>\n<p><em> &#8221; Sources www.elimparcial.com &#8221; <\/em><\/p>\n<p><em> &#8221; Fuentes www.elimparcial.com &#8221; <\/em><\/p>\n","protected":false},"excerpt":{"rendered":"<p>Turismo y \u00c9tica: Reflexiones sobre el uso de recursos p\u00fablicos En el mundo del turismo, uno de los aspectos m\u00e1s relevantes no solo es el lugar que se visita, sino tambi\u00e9n el comportamiento de quienes gestionan esos destinos. Recientemente, las redes sociales y los medios de comunicaci\u00f3n han puesto en el foco un tema que [&hellip;]<\/p>\n","protected":false},"author":4,"featured_media":0,"comment_status":"open","ping_status":"closed","sticky":false,"template":"","format":"standard","meta":{"om_disable_all_campaigns":false,"jnews-multi-image_gallery":[],"jnews_single_post":[],"jnews_primary_category":[],"jnews_social_meta":[],"footnotes":""},"categories":[39],"tags":[89657,178358,177114,698,218977,2511,3589,176013,11837,5051,25640],"class_list":["post-1021543","post","type-post","status-publish","format-standard","hentry","category-viajes","tag-acusaciones","tag-desigualdad","tag-finanzas-publicas","tag-gobierno","tag-luisa-maria-alcalde","tag-morena","tag-noticias-politicas","tag-politica-mexicana","tag-recursos-publicos","tag-samuel-garcia","tag-viajes-de-lujo"],"_links":{"self":[{"href":"https:\/\/dimensionturistica.com\/es\/wp-json\/wp\/v2\/posts\/1021543","targetHints":{"allow":["GET"]}}],"collection":[{"href":"https:\/\/dimensionturistica.com\/es\/wp-json\/wp\/v2\/posts"}],"about":[{"href":"https:\/\/dimensionturistica.com\/es\/wp-json\/wp\/v2\/types\/post"}],"author":[{"embeddable":true,"href":"https:\/\/dimensionturistica.com\/es\/wp-json\/wp\/v2\/users\/4"}],"replies":[{"embeddable":true,"href":"https:\/\/dimensionturistica.com\/es\/wp-json\/wp\/v2\/comments?post=1021543"}],"version-history":[{"count":0,"href":"https:\/\/dimensionturistica.com\/es\/wp-json\/wp\/v2\/posts\/1021543\/revisions"}],"wp:attachment":[{"href":"https:\/\/dimensionturistica.com\/es\/wp-json\/wp\/v2\/media?parent=1021543"}],"wp:term":[{"taxonomy":"category","embeddable":true,"href":"https:\/\/dimensionturistica.com\/es\/wp-json\/wp\/v2\/categories?post=1021543"},{"taxonomy":"post_tag","embeddable":true,"href":"https:\/\/dimensionturistica.com\/es\/wp-json\/wp\/v2\/tags?post=1021543"}],"curies":[{"name":"wp","href":"https:\/\/api.w.org\/{rel}","templated":true}]}}