{"id":1021015,"date":"2025-08-01T02:40:38","date_gmt":"2025-08-01T02:40:38","guid":{"rendered":"https:\/\/dimensionturistica.com\/es\/?p=1021015"},"modified":"2025-08-01T02:40:38","modified_gmt":"2025-08-01T02:40:38","slug":"ricardo-monreal-defiende-su-viaje-a-espana-no-fue-ni-ilicito-ni-antietico-y-expresa-haber-experimentado-un-intenso-acoso","status":"publish","type":"post","link":"https:\/\/dimensionturistica.com\/es\/ricardo-monreal-defiende-su-viaje-a-espana-no-fue-ni-ilicito-ni-antietico-y-expresa-haber-experimentado-un-intenso-acoso\/","title":{"rendered":"Ricardo Monreal defiende su viaje a Espa\u00f1a: &#8216;No fue ni il\u00edcito ni anti\u00e9tico&#8217; y expresa haber experimentado &#8216;un intenso acoso&#8217;"},"content":{"rendered":"<p><strong>Explorando el Echo de las Cr\u00edticas y el Turismo en Tiempos de Oposici\u00f3n<\/strong><\/p>\n<p>En el panorama pol\u00edtico actual, los viajes al extranjero por parte de figuras p\u00fablicas suelen generar un eco de controversia y debate. Tal es el caso de una reciente visita a Espa\u00f1a que ha encendido los \u00e1nimos en M\u00e9xico, especialmente en el contexto de la oposici\u00f3n pol\u00edtica. Pero, \u00bfqu\u00e9 lecciones se pueden extraer de estas experiencias y c\u00f3mo se entrelazan con el mundo del turismo?<\/p>\n<p>Imaginemos a un pol\u00edtico conduciendo sus actividades en tierras ib\u00e9ricas, asistiendo a foros y reuniones que buscan establecer puentes con la comunidad internacional. Este tipo de viajes no solo representan una oportunidad para fortalecer v\u00ednculos pol\u00edticos, sino que tambi\u00e9n act\u00faan como una ventana al turismo cultural. Espa\u00f1a, con su rica historia y diversidad, se presenta como un destino que puede ofrecer no solo sol y playa, sino tambi\u00e9n un vibrante trasfondo cultural que atrae a visitantes de todas partes.<\/p>\n<p>La cr\u00edtica en el \u00e1mbito pol\u00edtico y la percepci\u00f3n p\u00fablica no siempre se alinean con el esplendor de los destinos tur\u00edsticos. La idea de que un viaje a un lugar ic\u00f3nico como Madrid o Barcelona podr\u00eda ser visto como una disrupci\u00f3n, en lugar de una oportunidad, plantea una cuesti\u00f3n interesante sobre c\u00f3mo los viajes de los pol\u00edticos son recibidos por la ciudadan\u00eda. Este fen\u00f3meno no es exclusivo de M\u00e9xico; en diversas culturas, las figuras p\u00fablicas enfrentan reacciones que var\u00edan desde la admiraci\u00f3n hasta la desaprobaci\u00f3n.<\/p>\n<p>A pesar de las controversias, no se puede negar que los viajes al extranjero por parte de l\u00edderes pol\u00edticos pueden tener repercusiones positivas en el \u00e1mbito tur\u00edstico. Cada viaje genera informaci\u00f3n y conciencia sobre el potencial tur\u00edstico de un pa\u00eds. Cuando un pol\u00edtico visita Espa\u00f1a y se rodea de su arquitectura emblem\u00e1tica, gastronom\u00eda y cultura vibrante, no es solo su imagen la que se ve afectada, sino tambi\u00e9n el inter\u00e9s por posibles intercambios culturales y tur\u00edsticos entre naciones.<\/p>\n<p>En este contexto, es fundamental que los viajeros \u2014ya sean turistas o l\u00edderes\u2014 sean conscientes de que sus acciones y decisiones pueden resonar en un nivel m\u00e1s amplio. Cada fotograf\u00eda publicada en redes sociales desde un punto de inter\u00e9s en un pa\u00eds extranjero no solo habla del lugar en s\u00ed, sino que tambi\u00e9n puede repercutir en la forma en que se perciben las relaciones econ\u00f3micas y pol\u00edticas entre las naciones.<\/p>\n<p>Para los locales del destino visitado, la llegada de un pol\u00edtico puede traducirse en un flujo adicional de visitantes. Los restaurantes, museos y atracciones suelen beneficiarse del eco medi\u00e1tico que genera la presencia de una figura p\u00fablica, as\u00ed como del inter\u00e9s que despierta en aquellos que esperan ver un pedazo de sus discusiones y decisiones en el \u00e1mbito internacional.<\/p>\n<p>En conclusi\u00f3n, aunque los viajes de figuras pol\u00edticas puedan generar cr\u00edticas y an\u00e1lisis, tambi\u00e9n ofrecen una ventana invaluable al potencial tur\u00edstico de un pa\u00eds. Espa\u00f1a, siempre llena de matices, presenta no solo un espacio para la pol\u00edtica internacional, sino tambi\u00e9n una rica experiencia cultural que puede ser disfrutada por todos. Cuando el debate se apodera del viaje, es crucial recordar el poder del descubrimiento, la conexi\u00f3n y el aprendiz que cada pasaporte puede contar. Al final, el turismo trasciende fronteras y, en muchas ocasiones, las mejores conversaciones comienzan con un simple &#8220;bienvenidos&#8221;.<\/p>\n<p><em> &#8221; Sources animalpolitico.com &#8221; <\/em><\/p>\n<p><em> &#8221; Fuentes animalpolitico.com &#8221; <\/em><\/p>\n","protected":false},"excerpt":{"rendered":"<p>Explorando el Echo de las Cr\u00edticas y el Turismo en Tiempos de Oposici\u00f3n En el panorama pol\u00edtico actual, los viajes al extranjero por parte de figuras p\u00fablicas suelen generar un eco de controversia y debate. Tal es el caso de una reciente visita a Espa\u00f1a que ha encendido los \u00e1nimos en M\u00e9xico, especialmente en el [&hellip;]<\/p>\n","protected":false},"author":4,"featured_media":1021016,"comment_status":"open","ping_status":"closed","sticky":false,"template":"","format":"standard","meta":{"om_disable_all_campaigns":false,"jnews-multi-image_gallery":[],"jnews_single_post":[],"jnews_primary_category":[],"jnews_social_meta":[],"footnotes":""},"categories":[39],"tags":[239602],"class_list":["post-1021015","post","type-post","status-publish","format-standard","has-post-thumbnail","hentry","category-viajes","tag-ricardo-monreal-viaje-a-espana-acoso-politica-declaraciones-controversia-etica-inmigracion-legalidad"],"_links":{"self":[{"href":"https:\/\/dimensionturistica.com\/es\/wp-json\/wp\/v2\/posts\/1021015","targetHints":{"allow":["GET"]}}],"collection":[{"href":"https:\/\/dimensionturistica.com\/es\/wp-json\/wp\/v2\/posts"}],"about":[{"href":"https:\/\/dimensionturistica.com\/es\/wp-json\/wp\/v2\/types\/post"}],"author":[{"embeddable":true,"href":"https:\/\/dimensionturistica.com\/es\/wp-json\/wp\/v2\/users\/4"}],"replies":[{"embeddable":true,"href":"https:\/\/dimensionturistica.com\/es\/wp-json\/wp\/v2\/comments?post=1021015"}],"version-history":[{"count":0,"href":"https:\/\/dimensionturistica.com\/es\/wp-json\/wp\/v2\/posts\/1021015\/revisions"}],"wp:featuredmedia":[{"embeddable":true,"href":"https:\/\/dimensionturistica.com\/es\/wp-json\/wp\/v2\/media\/1021016"}],"wp:attachment":[{"href":"https:\/\/dimensionturistica.com\/es\/wp-json\/wp\/v2\/media?parent=1021015"}],"wp:term":[{"taxonomy":"category","embeddable":true,"href":"https:\/\/dimensionturistica.com\/es\/wp-json\/wp\/v2\/categories?post=1021015"},{"taxonomy":"post_tag","embeddable":true,"href":"https:\/\/dimensionturistica.com\/es\/wp-json\/wp\/v2\/tags?post=1021015"}],"curies":[{"name":"wp","href":"https:\/\/api.w.org\/{rel}","templated":true}]}}