{"id":1020712,"date":"2025-07-31T15:11:34","date_gmt":"2025-07-31T15:11:34","guid":{"rendered":"https:\/\/dimensionturistica.com\/es\/?p=1020712"},"modified":"2025-07-31T15:11:34","modified_gmt":"2025-07-31T15:11:34","slug":"no-estuve-en-tokio-ni-en-europa-ricardo-anaya-aclara-rumores-sobre-supuestos-viajes-y-explica-su-destino-vacacional","status":"publish","type":"post","link":"https:\/\/dimensionturistica.com\/es\/no-estuve-en-tokio-ni-en-europa-ricardo-anaya-aclara-rumores-sobre-supuestos-viajes-y-explica-su-destino-vacacional\/","title":{"rendered":"\u201cNo estuve en Tokio ni en Europa\u201d: Ricardo Anaya aclara rumores sobre supuestos viajes y explica su destino vacacional."},"content":{"rendered":"<h3>Descubriendo Destinos Sorprendentes: Un Verano Inesperado<\/h3>\n<p>La temporada de vacaciones es, sin duda, uno de los momentos m\u00e1s esperados del a\u00f1o. No solo se trata de desconectar de la rutina diaria, sino tambi\u00e9n de explorar nuevos horizontes. Sin embargo, a veces nuestros viajes no son como los imaginamos y, en el caso de ciertos personajes p\u00fablicos, las especulaciones pueden volar tan alto como la imaginaci\u00f3n de los dem\u00e1s.<\/p>\n<p>Recientemente, un conocido pol\u00edtico mexicano se encontr\u00f3 en el centro de un torbellino de rumores sobre posibles viajes a lugares ex\u00f3ticos como Tokio o algunas ciudades europeas. Sin embargo, la verdad es que sus vacaciones lo llevaron por rutas mucho m\u00e1s cercanas, redescubriendo la magia de la cultura y la tranquilidad que ofrece el M\u00e9xico que muchas veces queda inadvertido.<\/p>\n<h3>El Encanto de lo Local<\/h3>\n<p>En un mundo donde las redes sociales pueden amplificar cualquier peque\u00f1o movimiento, es f\u00e1cil perderse en una vor\u00e1gine de suposiciones. En lugar de ciudades brillantes y a\u00e9reas lejanas, este protagonista eligi\u00f3 el calor y la diversidad vibrante que se encuentran en el seno de su propio pa\u00eds. Esto resalta un aspecto fundamental del turismo actual: la riqueza de explorar lo cercano, lo que a veces se da por sentado.<\/p>\n<p>Las vacaciones no siempre tienen que significar miles de kil\u00f3metros recorrido. A veces, un viaje a las playas de la costa del Pac\u00edfico o una escapada a las monta\u00f1as puede ofrecer una experiencia tan enriquecedora como una visita a las capitales mundiales. M\u00e9xico, con su historia, su gastronom\u00eda y su impresionante biodiversidad, se convierte en un escenario ideal para redescubrir la riqueza que ofrece el localismo.<\/p>\n<h3>Rutas Alternativas<\/h3>\n<p>Decidir explorar en casa no solo puede ser m\u00e1s accesible, sino que tambi\u00e9n permite a los viajeros experimentar su entorno de manera m\u00e1s consciente. Desde los festines de la cocina mexicana en mercados locales hasta la contemplaci\u00f3n de sus paisajes naturales, las vacaciones en tu propio pa\u00eds pueden ser una aventura llena de sorpresas.<\/p>\n<p>Un viaje as\u00ed podr\u00eda incluir una caminata por las monta\u00f1as de la Sierra Madre, la degustaci\u00f3n de tapas en un mercado de Puebla o una tarde de surf en las olas de Zicatela. Todo ello reafirma la idea de que la aventura no siempre radica en lo lejano. La belleza y la singularidad de un lugar a menudo se encuentran m\u00e1s cerca de lo que pensamos.<\/p>\n<h3>Conclusi\u00f3n<\/h3>\n<p>Mientras el mundo sigue explorando horizontes nuevos y lejanos, nunca debemos olvidar la belleza de lo inmediato. Las vacaciones pueden ofrecer una experiencia rica y transformadora sin necesidad de cruzar oc\u00e9anos. As\u00ed, este verano, si deseas salir de la rutina, considera buscar en tu propio patio trasero. A menudo, las mejores historias de viaje est\u00e1n a solo un paso de distancia, listas para ser descubiertas.<\/p>\n<p><em> &#8221; Sources www.infobae.com &#8221; <\/em><\/p>\n<p><em> &#8221; Fuentes www.infobae.com &#8221; <\/em><\/p>\n","protected":false},"excerpt":{"rendered":"<p>Descubriendo Destinos Sorprendentes: Un Verano Inesperado La temporada de vacaciones es, sin duda, uno de los momentos m\u00e1s esperados del a\u00f1o. No solo se trata de desconectar de la rutina diaria, sino tambi\u00e9n de explorar nuevos horizontes. Sin embargo, a veces nuestros viajes no son como los imaginamos y, en el caso de ciertos personajes [&hellip;]<\/p>\n","protected":false},"author":4,"featured_media":0,"comment_status":"open","ping_status":"closed","sticky":false,"template":"","format":"standard","meta":{"om_disable_all_campaigns":false,"jnews-multi-image_gallery":[],"jnews_single_post":[],"jnews_primary_category":[],"jnews_social_meta":[],"footnotes":""},"categories":[39],"tags":[239518],"class_list":["post-1020712","post","type-post","status-publish","format-standard","hentry","category-viajes","tag-ricardo-anaya-rumores-viajes-vacaciones-tokio-europa-desmentido-noticias-politica-mexico"],"_links":{"self":[{"href":"https:\/\/dimensionturistica.com\/es\/wp-json\/wp\/v2\/posts\/1020712","targetHints":{"allow":["GET"]}}],"collection":[{"href":"https:\/\/dimensionturistica.com\/es\/wp-json\/wp\/v2\/posts"}],"about":[{"href":"https:\/\/dimensionturistica.com\/es\/wp-json\/wp\/v2\/types\/post"}],"author":[{"embeddable":true,"href":"https:\/\/dimensionturistica.com\/es\/wp-json\/wp\/v2\/users\/4"}],"replies":[{"embeddable":true,"href":"https:\/\/dimensionturistica.com\/es\/wp-json\/wp\/v2\/comments?post=1020712"}],"version-history":[{"count":0,"href":"https:\/\/dimensionturistica.com\/es\/wp-json\/wp\/v2\/posts\/1020712\/revisions"}],"wp:attachment":[{"href":"https:\/\/dimensionturistica.com\/es\/wp-json\/wp\/v2\/media?parent=1020712"}],"wp:term":[{"taxonomy":"category","embeddable":true,"href":"https:\/\/dimensionturistica.com\/es\/wp-json\/wp\/v2\/categories?post=1020712"},{"taxonomy":"post_tag","embeddable":true,"href":"https:\/\/dimensionturistica.com\/es\/wp-json\/wp\/v2\/tags?post=1020712"}],"curies":[{"name":"wp","href":"https:\/\/api.w.org\/{rel}","templated":true}]}}