{"id":1020420,"date":"2025-07-31T03:28:50","date_gmt":"2025-07-31T03:28:50","guid":{"rendered":"https:\/\/dimensionturistica.com\/es\/?p=1020420"},"modified":"2025-07-31T03:28:50","modified_gmt":"2025-07-31T03:28:50","slug":"llamado-a-la-coherencia-en-los-desplazamientos-de-los-representantes-de-morena","status":"publish","type":"post","link":"https:\/\/dimensionturistica.com\/es\/llamado-a-la-coherencia-en-los-desplazamientos-de-los-representantes-de-morena\/","title":{"rendered":"Llamado a la coherencia en los desplazamientos de los representantes de Morena."},"content":{"rendered":"<h3>La Responsabilidad en los Viajes de Funcionarios: Un Llamado a la Congruencia<\/h3>\n<p>En un mundo donde los viajes se han convertido en una experiencia casi diaria para muchos, la responsabilidad y la congruencia son factores cruciales, especialmente para aquellos que est\u00e1n en el servicio p\u00fablico. Recientemente, se ha abierto un debate sobre la necesidad de que los funcionarios se alineen con los principios y valores que promueven, tanto en sus acciones como en sus decisiones personales.<\/p>\n<p>Las voces que abogan por la transparencia en el uso de recursos p\u00fablicos tienen una gran relevancia. En un momento donde la \u00e9tica y la responsabilidad social se encuentran en el centro de la atenci\u00f3n, surge la necesidad de que los representantes del pueblo consideren no solo el costo financiero de sus viajes, sino tambi\u00e9n el mensaje que env\u00edan a la ciudadan\u00eda. Cuando los funcionarios se desplazan, ya sea para asuntos oficiales o personales, llevan consigo la representaci\u00f3n de la comunidad, y es fundamental que sus acciones reflejen un compromiso genuino con el bienestar de la poblaci\u00f3n.<\/p>\n<p>Imaginemos un escenario donde los elegidos para liderar no solo se deleitan en el lujo de sus expediciones, sino que se comprometen a utilizar esos momentos para fortalecer lazos con otras comunidades, aprender de ellas y, sobre todo, traer de vuelta conocimientos y experiencias que beneficien a su regi\u00f3n. La congruencia en esta materia no solo tipifica la integridad personal, sino que tambi\u00e9n representa una suma de esfuerzos por mejorar la sociedad.<\/p>\n<p>Los viajeros tienen la oportunidad de explorar culturas, tradiciones y paisajes que enriquecen la perspectiva de un funcionario. Sin embargo, es fundamental que esos encuentros no se conviertan en meras vacaciones pagadas con recursos p\u00fablicos. Al contrario, cada viaje debe ser visto como una oportunidad de crecimiento y aprendizaje, donde el funcionario demuestra que est\u00e1 dispuesto a regresar con ideas innovadoras que puedan ser implementadas en su comunidad.<\/p>\n<p>El turismo, se ha transformado en un motor esencial para la econom\u00eda, y es precisamente a trav\u00e9s de \u00e9l que los funcionarios pueden fomentar un desarrollo sustentable y responsable. La interacci\u00f3n con otros municipios y naciones no solo permite el intercambio cultural, sino el desarrollo de proyectos conjuntos que pueden beneficiar a todos.<\/p>\n<p>Invitar a los funcionarios a reflexionar sobre sus responsabilidades al viajar tambi\u00e9n es un llamado a la ciudadan\u00eda. La comunidad juegan un papel activo al cuestionar y exigir transparencia. No se trata \u00fanicamente de un asunto interno; la percepci\u00f3n p\u00fablica es crucial para mantener la confianza entre los ciudadanos y sus representantes.<\/p>\n<p>A medida que las generaciones actuales se preocupan cada vez m\u00e1s por la sostenibilidad y la \u00e9tica, es fundamental que quienes dirigen y representan la voz del pueblo act\u00faen en consecuencia. Un llamado a la congruencia en sus viajes no solo resuena en las altas esferas del gobierno, sino que se extiende hasta cada rinc\u00f3n de la sociedad, inspirando un cambio positivo.<\/p>\n<p>Entonces, cuando pienses en los viajes, ya sea como ciudadano o como funcionario, preg\u00fantate: \u00bfQu\u00e9 legado dejar\u00e9 con mis acciones? Al final del d\u00eda, cada paso que damos en un destino, cada encuentro, cada experiencia, puede ser una oportunidad para construir un futuro m\u00e1s s\u00f3lido y conectado con el bien com\u00fan. La congruencia y la \u00e9tica no entienden de fronteras, y son herramientas fundamentales para aquellos que se atreven a so\u00f1ar y luchar por un mundo mejor.<\/p>\n<p><em> &#8221; Sources vivalanoticia.mx &#8221; <\/em><\/p>\n<p><em> &#8221; Fuentes vivalanoticia.mx &#8221; <\/em><\/p>\n","protected":false},"excerpt":{"rendered":"<p>La Responsabilidad en los Viajes de Funcionarios: Un Llamado a la Congruencia En un mundo donde los viajes se han convertido en una experiencia casi diaria para muchos, la responsabilidad y la congruencia son factores cruciales, especialmente para aquellos que est\u00e1n en el servicio p\u00fablico. Recientemente, se ha abierto un debate sobre la necesidad de [&hellip;]<\/p>\n","protected":false},"author":4,"featured_media":1020421,"comment_status":"open","ping_status":"closed","sticky":false,"template":"","format":"standard","meta":{"om_disable_all_campaigns":false,"jnews-multi-image_gallery":[],"jnews_single_post":[],"jnews_primary_category":[],"jnews_social_meta":[],"footnotes":""},"categories":[39],"tags":[239188,29636,31241,6095,769,2511,546,239432,545],"class_list":["post-1020420","post","type-post","status-publish","format-standard","has-post-thumbnail","hentry","category-viajes","tag-congruencia","tag-diputada","tag-funcionarios","tag-legislatura","tag-mexico","tag-morena","tag-politica","tag-tere-guerra","tag-viajes"],"_links":{"self":[{"href":"https:\/\/dimensionturistica.com\/es\/wp-json\/wp\/v2\/posts\/1020420","targetHints":{"allow":["GET"]}}],"collection":[{"href":"https:\/\/dimensionturistica.com\/es\/wp-json\/wp\/v2\/posts"}],"about":[{"href":"https:\/\/dimensionturistica.com\/es\/wp-json\/wp\/v2\/types\/post"}],"author":[{"embeddable":true,"href":"https:\/\/dimensionturistica.com\/es\/wp-json\/wp\/v2\/users\/4"}],"replies":[{"embeddable":true,"href":"https:\/\/dimensionturistica.com\/es\/wp-json\/wp\/v2\/comments?post=1020420"}],"version-history":[{"count":0,"href":"https:\/\/dimensionturistica.com\/es\/wp-json\/wp\/v2\/posts\/1020420\/revisions"}],"wp:featuredmedia":[{"embeddable":true,"href":"https:\/\/dimensionturistica.com\/es\/wp-json\/wp\/v2\/media\/1020421"}],"wp:attachment":[{"href":"https:\/\/dimensionturistica.com\/es\/wp-json\/wp\/v2\/media?parent=1020420"}],"wp:term":[{"taxonomy":"category","embeddable":true,"href":"https:\/\/dimensionturistica.com\/es\/wp-json\/wp\/v2\/categories?post=1020420"},{"taxonomy":"post_tag","embeddable":true,"href":"https:\/\/dimensionturistica.com\/es\/wp-json\/wp\/v2\/tags?post=1020420"}],"curies":[{"name":"wp","href":"https:\/\/api.w.org\/{rel}","templated":true}]}}