{"id":1019795,"date":"2025-07-30T09:08:58","date_gmt":"2025-07-30T09:08:58","guid":{"rendered":"https:\/\/dimensionturistica.com\/es\/?p=1019795"},"modified":"2025-07-30T09:08:58","modified_gmt":"2025-07-30T09:08:58","slug":"extienden-el-plazo-de-inscripcion-mientras-se-alistan-modificaciones-a-la-normativa","status":"publish","type":"post","link":"https:\/\/dimensionturistica.com\/es\/extienden-el-plazo-de-inscripcion-mientras-se-alistan-modificaciones-a-la-normativa\/","title":{"rendered":"Extienden el plazo de inscripci\u00f3n mientras se alistan modificaciones a la normativa."},"content":{"rendered":"<h3>Nuevas Rutas en el Transporte Urbano: El Impacto de las Apps en Santa Fe<\/h3>\n<p>En el vibrante coraz\u00f3n de Argentina, la ciudad de Santa Fe se encuentra en una encrucijada donde la tecnolog\u00eda y el transporte urbano convergen de manera fascinante. Mediante la implementaci\u00f3n de aplicaciones de movilidad como Uber y DiDi, los santafesinos descubren opciones de transporte que prometen transformar su experiencia de viaje. Sin embargo, el auge de estas plataformas provoca un debate vigente sobre la regulaci\u00f3n y el futuro de la movilidad en la regi\u00f3n.<\/p>\n<h4>El Auge de la Movilidad Digital<\/h4>\n<p>La llegada de las aplicaciones de transporte ha revolucionado la manera en que nos desplazamos. Con un par de clics y la promesa de una experiencia m\u00e1s \u00e1gil y segura, los usuarios pueden optar por un viaje en cuesti\u00f3n de minutos. Este fen\u00f3meno, que ya ha calado hondo en grandes ciudades del mundo, est\u00e1 comenzando a cambiar la din\u00e1mica del transporte en Santa Fe, un lugar donde las motos y los autos de alquiler han sido parte esencial de la cultura de movilidad.<\/p>\n<p>Adem\u00e1s, estas aplicaciones ofrecen una ventaja significativa: la transparencia en la tarifa. Los usuarios saben de antemano cu\u00e1nto pagar\u00e1n, lo que elimina las sorpresas desagradables que a veces se presentan con los taxis tradicionales.<\/p>\n<h4>Regulaciones en el Horizonte<\/h4>\n<p>Sin embargo, el crecimiento de estas aplicaciones tambi\u00e9n ha suscitado interrogantes sobre la regulaci\u00f3n. Un sector de la poblaci\u00f3n y varios actores pol\u00edticos abogan por la necesidad de establecer normativas que vetan el funcionamiento de estas plataformas, argumentando que podr\u00edan poner en riesgo el empleo tradicional y afectar la seguridad. Por otro lado, otros ven en estas aplicaciones una oportunidad de evoluci\u00f3n y mejora del sistema de transporte actual.<\/p>\n<p>Es esencial encontrar un equilibrio entre la innovaci\u00f3n y la regulaci\u00f3n que no ahogue el crecimiento de nuevas opciones que beneficien a los ciudadanos. Las autoridades locales est\u00e1n comenzando a vislumbrar la necesidad de un marco normativo que no solo contemple la seguridad del pasajero, sino que tambi\u00e9n respete la competencia justa entre las distintas modalidades de transporte.<\/p>\n<h4>Motos: Una Alternativa en Ascenso<\/h4>\n<p>Consecuentemente, la discusi\u00f3n se extiende a las motos, un medio de transporte que ha tomado protagonismo en las calles santafesinas. La flexibilidad y rapidez que proporciona una moto en el tr\u00e1fico de la ciudad es innegable. Para muchos, estas son una alternativa esencial, especialmente en momentos de alta afluencia vehicular. <\/p>\n<p>Sin embargo, la falta de regulaciones claras podr\u00eda llevar a un caos en la movilidad urbana. Es aqu\u00ed donde se forman las bases de una conversaci\u00f3n necesaria sobre c\u00f3mo integrar ambos mundos: el de las motos como medio de transporte \u00e1gil y el de las aplicaciones que las pueden facilitar.<\/p>\n<h4>La Mirada Hacia el Futuro<\/h4>\n<p>Con la evoluci\u00f3n constante de la tecnolog\u00eda, Santa Fe est\u00e1 a punto de abrir un nuevo cap\u00edtulo en su historia de transporte urbano. La llegada de aplicaciones como Uber y DiDi promete no solo facilitar la vida diaria de sus ciudadanos, sino que tambi\u00e9n podr\u00eda impulsar el desarrollo de un sistema de movilidad m\u00e1s inclusivo y eficiente.<\/p>\n<p>Los desaf\u00edos son evidentes, pero tambi\u00e9n lo son las oportunidades. Con una regulaci\u00f3n adecuada y una integraci\u00f3n de los distintos medios de transporte, la ciudad podr\u00eda convertirse en un ejemplo de modernidad y sostenibilidad en el \u00e1mbito del turismo y la movilidad urbana.<\/p>\n<p>Al final del d\u00eda, el viaje por las calles de Santa Fe est\u00e1 lejos de haber terminado. La pr\u00f3xima vez que te desplaces, recuerda que cada viaje es parte de un movimiento m\u00e1s grande hacia un futuro que sigue tomando forma.<\/p>\n<p><em> &#8221; Sources www.ellitoral.com &#8221; <\/em><\/p>\n<p><em> &#8221; Fuentes www.ellitoral.com &#8221; <\/em><\/p>\n","protected":false},"excerpt":{"rendered":"<p>Nuevas Rutas en el Transporte Urbano: El Impacto de las Apps en Santa Fe En el vibrante coraz\u00f3n de Argentina, la ciudad de Santa Fe se encuentra en una encrucijada donde la tecnolog\u00eda y el transporte urbano convergen de manera fascinante. Mediante la implementaci\u00f3n de aplicaciones de movilidad como Uber y DiDi, los santafesinos descubren [&hellip;]<\/p>\n","protected":false},"author":4,"featured_media":1019796,"comment_status":"open","ping_status":"closed","sticky":false,"template":"","format":"standard","meta":{"om_disable_all_campaigns":false,"jnews-multi-image_gallery":[],"jnews_single_post":[],"jnews_primary_category":[],"jnews_social_meta":[],"footnotes":""},"categories":[39],"tags":[4845,9047,175872,37944,49517,7913,175866,17804,49708,9976,175865,175873],"class_list":["post-1019795","post","type-post","status-publish","format-standard","has-post-thumbnail","hentry","category-viajes","tag-administracion","tag-cambios","tag-concejo-municipal-de-santa-fe","tag-inscripcion","tag-legislacion","tag-municipal","tag-municipalidad-de-santa-fe","tag-normativa","tag-ordenanza","tag-prorroga","tag-santa-fe-ciudad","tag-uber-en-santa-fe"],"_links":{"self":[{"href":"https:\/\/dimensionturistica.com\/es\/wp-json\/wp\/v2\/posts\/1019795","targetHints":{"allow":["GET"]}}],"collection":[{"href":"https:\/\/dimensionturistica.com\/es\/wp-json\/wp\/v2\/posts"}],"about":[{"href":"https:\/\/dimensionturistica.com\/es\/wp-json\/wp\/v2\/types\/post"}],"author":[{"embeddable":true,"href":"https:\/\/dimensionturistica.com\/es\/wp-json\/wp\/v2\/users\/4"}],"replies":[{"embeddable":true,"href":"https:\/\/dimensionturistica.com\/es\/wp-json\/wp\/v2\/comments?post=1019795"}],"version-history":[{"count":0,"href":"https:\/\/dimensionturistica.com\/es\/wp-json\/wp\/v2\/posts\/1019795\/revisions"}],"wp:featuredmedia":[{"embeddable":true,"href":"https:\/\/dimensionturistica.com\/es\/wp-json\/wp\/v2\/media\/1019796"}],"wp:attachment":[{"href":"https:\/\/dimensionturistica.com\/es\/wp-json\/wp\/v2\/media?parent=1019795"}],"wp:term":[{"taxonomy":"category","embeddable":true,"href":"https:\/\/dimensionturistica.com\/es\/wp-json\/wp\/v2\/categories?post=1019795"},{"taxonomy":"post_tag","embeddable":true,"href":"https:\/\/dimensionturistica.com\/es\/wp-json\/wp\/v2\/tags?post=1019795"}],"curies":[{"name":"wp","href":"https:\/\/api.w.org\/{rel}","templated":true}]}}