{"id":101927,"date":"2021-03-25T11:42:48","date_gmt":"2021-03-25T11:42:48","guid":{"rendered":"https:\/\/dimensionturistica.com\/es\/?p=101927"},"modified":"2021-03-25T11:42:49","modified_gmt":"2021-03-25T11:42:49","slug":"semana-santa-bajo-control-en-canarias","status":"publish","type":"post","link":"https:\/\/dimensionturistica.com\/es\/semana-santa-bajo-control-en-canarias\/","title":{"rendered":"Semana Santa bajo control en Canarias"},"content":{"rendered":"<p> <br \/>\n<\/p>\n<div>\n<p>                <span itemprop=\"articleBody\"><\/p>\n<p><img decoding=\"async\" itemprop=\"image\" src=\"https:\/\/www.lancelotdigital.com\/images\/2021\/03\/100810_aeropuerto_controladores.jpg\"\/><\/p>\n<p>&#13;<\/p>\n<p><strong>Se establecen nuevas medidas en los controles sanitarios de los aeropuertos de las islas<\/strong><\/p>\n<p>&#13;<br \/>\n &#13;<\/p>\n<p>\u00a0<\/p>\n<p>&#13;<\/p>\n<li class=\"texto\"><i class=\"fa fa-file-text-o\"\/>Lancelot Digital<\/li>\n<p>&#13;<\/p>\n<p>\u00a0<\/p>\n<p>&#13;<\/p>\n<p>La Semana Santa ya est\u00e1 aqu\u00ed y las autoridades no quieren que pase lo ocurrido en Navidad. Justo por eso, para tratar de evitar una cuarta ola no deseada, se han reforzado los controles sanitarios en los aeropuertos canarios con el objeto de intensificar la revisi\u00f3n de la documentaci\u00f3n necesaria para viajar.<\/p>\n<p>&#13;<\/p>\n<p>\u00a0<\/p>\n<p>&#13;<\/p>\n<p>En este sentido, los agentes de la Polic\u00eda Nacional han intensificado su celo en el management para certificar que los pasajeros portan la documentaci\u00f3n necesaria para viajar. Incluso han exigido documentaci\u00f3n de m\u00e1s.<\/p>\n<p>&#13;<\/p>\n<p>\u00a0<\/p>\n<p>&#13;<\/p>\n<p>Pasajeros del Aeropuerto de Tenerife Norte-Ciudad de la Laguna han denunciado que se les pidi\u00f3 una justificaci\u00f3n (m\u00e9dica o laboral) para salir, lo que provoc\u00f3 largas colas y retrasos durante la jornada del lunes, 22 de marzo, seg\u00fan publicaba El D\u00eda.<\/p>\n<p>&#13;<\/p>\n<p>\u00a0<\/p>\n<p>&#13;<\/p>\n<p>Actualmente, Fuerteventura, Gran Canaria y Tenerife se encuentran en nivel 3, eso significa que solo est\u00e1n permitidos los viajes desde y hacia ellas por motivos justificados (la normativa cambiar\u00e1 durante la Semana Santa). Sin embargo, tal y como se ha visto obligado a explicar el consejero de Transportes canario, Sebasti\u00e1n Franquis, \u201cun certificado de empresa no es exigible\u201d y basta tan solo con una declaraci\u00f3n responsable.<\/p>\n<p>&#13;<\/p>\n<p>\u00a0<\/p>\n<p>&#13;<\/p>\n<p>Para entender mejor la normativa de viajes en Canarias:<\/p>\n<p>&#13;<\/p>\n<p>\u00a0<\/p>\n<p>&#13;<\/p>\n<p>Hasta el 25 de marzo de 2021 para entrar o salir de las islas de nivel 3 se debe tener motivos justificados, mostrando una declaraci\u00f3n responsable. No hay limitaciones en las islas en un nivel de alerta inferior.<\/p>\n<p>&#13;<\/p>\n<p>\u00a0<\/p>\n<p>&#13;<\/p>\n<p>\t&#13;<\/p>\n<p>\u00a0<\/p>\n<p>&#13;<\/p>\n<p>Entre el 26 de marzo y el 9 de abril, todos los pasajeros que viajen entre islas deber\u00e1n presentar una declaraci\u00f3n responsable. Adicionalmente, para desplazamientos por vacaciones u ocio, se exigir\u00e1 una prueba de diagn\u00f3stico activo (PCR, check r\u00e1pido de ant\u00edgenos, o TMA) negativa realizada en la 72 horas antes.<\/p>\n<p>&#13;<\/p>\n<p>\u00a0<\/p>\n<p>&#13;<\/p>\n<p>\u00a0<\/p>\n<p>                    <\/span><\/p><\/div>\n<p><script src=\"https:\/\/connect.facebook.net\/es_ES\/all.js#xfbml=1\" type=\"text\/javascript\"><\/script><script type=\"text\/javascript\">\n\/\/<![CDATA[\n   \twindow.fbAsyncInit = function() {\n\t\tFB.init({ appId: '171342606239806', \n\t\t\tstatus: true, \n\t\t\tcookie: true,\n\t\t\txfbml: true,\n\t\t\toauth: true\n\t\t});\n   \t\t    \n\t  \t\t};\n    \/\/      \n    jQuery(window).load(function() {\n    \t(function(){\n    \t\tif(!document.getElementById('fb-root')) {\n    \t\t\tvar root = document.createElement('div');\n    \t\t\troot.id = 'fb-root';\n    \t\t\tdocument.getElementById('gkfb-root').appendChild(root);\n    \t\t\tvar e = document.createElement('script');\n    \t\t\te.src = document.location.protocol + '\/\/connect.facebook.net\/es_ES\/all.js';\n    \t\t\te.async = true;\n    \t\t\tdocument.getElementById('fb-root').appendChild(e);\n    \t\t}  \n    \t})();\n    });\n    \/\/]]>\n<\/script><br \/>\n<br \/><\/p>\n<p><em> &#8221; Fuentes www.lancelotdigital.com &#8221; <\/em><\/p>\n","protected":false},"excerpt":{"rendered":"<p>&#13; Se establecen nuevas medidas en los controles sanitarios de los aeropuertos de las islas &#13; &#13; \u00a0 &#13; Lancelot Digital &#13; \u00a0 &#13; La Semana Santa ya est\u00e1 aqu\u00ed y las autoridades no quieren que pase lo ocurrido en Navidad. Justo por eso, para tratar de evitar una cuarta ola no deseada, se han [&hellip;]<\/p>\n","protected":false},"author":4,"featured_media":101928,"comment_status":"open","ping_status":"closed","sticky":false,"template":"","format":"standard","meta":{"om_disable_all_campaigns":false,"jnews-multi-image_gallery":[],"jnews_single_post":[],"jnews_primary_category":[],"jnews_social_meta":[],"footnotes":""},"categories":[40],"tags":[946],"class_list":["post-101927","post","type-post","status-publish","format-standard","has-post-thumbnail","hentry","category-industria","tag-lancelot-digital-noticias-lanzarote-diario-digital-periodico-canarias-sucesos-deportes-cultura-vida-social-opinion-semanario-revista"],"_links":{"self":[{"href":"https:\/\/dimensionturistica.com\/es\/wp-json\/wp\/v2\/posts\/101927","targetHints":{"allow":["GET"]}}],"collection":[{"href":"https:\/\/dimensionturistica.com\/es\/wp-json\/wp\/v2\/posts"}],"about":[{"href":"https:\/\/dimensionturistica.com\/es\/wp-json\/wp\/v2\/types\/post"}],"author":[{"embeddable":true,"href":"https:\/\/dimensionturistica.com\/es\/wp-json\/wp\/v2\/users\/4"}],"replies":[{"embeddable":true,"href":"https:\/\/dimensionturistica.com\/es\/wp-json\/wp\/v2\/comments?post=101927"}],"version-history":[{"count":0,"href":"https:\/\/dimensionturistica.com\/es\/wp-json\/wp\/v2\/posts\/101927\/revisions"}],"wp:featuredmedia":[{"embeddable":true,"href":"https:\/\/dimensionturistica.com\/es\/wp-json\/wp\/v2\/media\/101928"}],"wp:attachment":[{"href":"https:\/\/dimensionturistica.com\/es\/wp-json\/wp\/v2\/media?parent=101927"}],"wp:term":[{"taxonomy":"category","embeddable":true,"href":"https:\/\/dimensionturistica.com\/es\/wp-json\/wp\/v2\/categories?post=101927"},{"taxonomy":"post_tag","embeddable":true,"href":"https:\/\/dimensionturistica.com\/es\/wp-json\/wp\/v2\/tags?post=101927"}],"curies":[{"name":"wp","href":"https:\/\/api.w.org\/{rel}","templated":true}]}}