{"id":1019122,"date":"2025-07-29T11:47:39","date_gmt":"2025-07-29T11:47:39","guid":{"rendered":"https:\/\/dimensionturistica.com\/es\/?p=1019122"},"modified":"2025-07-29T11:47:39","modified_gmt":"2025-07-29T11:47:39","slug":"desentranando-el-estilo-veraniego-en-el-podcast-panuelos-de-seda-chanclas-y-mujeres-adultas-con-camisetas-infantiles","status":"publish","type":"post","link":"https:\/\/dimensionturistica.com\/es\/desentranando-el-estilo-veraniego-en-el-podcast-panuelos-de-seda-chanclas-y-mujeres-adultas-con-camisetas-infantiles\/","title":{"rendered":"Desentra\u00f1ando el Estilo Veraniego\u2014En el Podcast: Pa\u00f1uelos de Seda, Chanclas y Mujeres Adultas Con Camisetas Infantiles."},"content":{"rendered":"<h3>Tendencias de Moda Estival para Viajeros: Un Vistazo a Verano 2025<\/h3>\n<p>Cuando se habla de turismo, la moda juega un papel crucial, ya que lo que llevamos puesto no solo refleja nuestro estilo personal, sino tambi\u00e9n nuestra experiencia cultural y las memorias que recolectamos en el camino. Con el verano de 2025 a la vuelta de la esquina, es hora de prepararse para las tendencias que marcar\u00e1n pauta en los destinos tur\u00edsticos m\u00e1s populares.<\/p>\n<h4>Colores y Texturas<\/h4>\n<p>La paleta de colores para el verano se presenta vibrante y vers\u00e1til. Los tonos c\u00e1lidos, como el terracota y el melocot\u00f3n, se integran con matices frescos de verde menta y azul cielo. Esta gama no solo es est\u00e9ticamente agradable, sino que tambi\u00e9n evoca la esencia del verano, desde las puestas de sol hasta los paisajes naturales.<\/p>\n<p>En cuanto a las texturas, se espera un resurgimiento de materiales ligeros y aireados. El lino y el algod\u00f3n ser\u00e1 la norma. Estos tejidos no solo proporcionan comodidad frente al calor, sino que tambi\u00e9n aportan un toque de elegancia casual perfecto para ese caf\u00e9 en una plaza soleada o una cena a la orilla del mar.<\/p>\n<h4>Siluetas que Respiran<\/h4>\n<p>El enfoque de dise\u00f1o para este verano se concentra en la funcionalidad sin sacrificar el estilo. Las siluetas holgadas se apoderan de las pasarelas, permitiendo libertad de movimiento y comodidad. Vestidos maxi, camisetas oversized y pantalones palazzo se vuelven esenciales en el armario de cualquier viajero.<\/p>\n<p>Incluso los trajes de ba\u00f1o se reinventan, ofreciendo cortes modernos que se fusionan con elementos deportivos. Esto no solo es ideal para disfrutar del sol, sino que tambi\u00e9n facilita la transici\u00f3n de la playa a un bistr\u00f3 cercano.<\/p>\n<h4>Accesorios: Detalles que Hacen la Diferencia<\/h4>\n<p>Los accesorios prometen ser el toque magistral de cualquier look veraniego. Los sombreros de ala ancha, las gafas de sol retro y las mochilas de materiales reciclados no solo son funcionales, sino que tambi\u00e9n hacen una declaraci\u00f3n de estilo y conciencia ambiental. <\/p>\n<p>Por otro lado, los collares y pulseras en tonos naturales, inspirados por la biolog\u00eda marina y la flora local, enriquece la experience visual de cualquier atuendo. Estos complementos permiten al viajero no solo lucir bien, sino tambi\u00e9n conectar culturalmente con el lugar que visita.<\/p>\n<h4>Aventura y Sostenibilidad<\/h4>\n<p>En un mundo donde la sostenibilidad se ha convertido en un imperativo, las marcas de moda est\u00e1n adoptando pr\u00e1cticas responsables que resuenan con el coraz\u00f3n de los viajeros contempor\u00e1neos. La reutilizaci\u00f3n y la mezcla de prendas se valora cada vez m\u00e1s, convirtiendo la moda en una experiencia din\u00e1mica que se transforma seg\u00fan el destino.<\/p>\n<p>Los turistas est\u00e1n cada vez m\u00e1s interesados en la moda local, buscando participar en talleres de dise\u00f1o textil o mercadillos de ropa vintage. Esta interacci\u00f3n no solo enriquece su vivencia, sino que tambi\u00e9n apoya a econom\u00edas locales.<\/p>\n<h4>Preparando el Malet\u00edn<\/h4>\n<p>A la hora de empacar, menos es m\u00e1s. La clave para un armario de verano exitoso radica en elegir prendas vers\u00e1tiles que puedan ser combinadas de diferentes maneras. Planificar un par de atuendos que se puedan mezclar y combinar facilitar\u00e1 la movilidad y el espacio en la maleta. Y es que, al final del d\u00eda, la moda debe ser tan ligera como el esp\u00edritu aventurero de aquellos que se dejan llevar por la brisa del verano.<\/p>\n<p>As\u00ed que, ya sea que sue\u00f1es con explorar playas ex\u00f3ticas o perderte en los vibrantes mercados de una ciudad hist\u00f3rica, recuerda que cada prenda que elijas cuenta una historia. Y en este verano de 2025, esa historia estar\u00e1 llena de colores vibrantes, texturas suaves, y un compromiso renovado hacia moda responsable y significativa. \u00a1A preparar ese equipaje y dejarse llevar por la aventura!<\/p>\n<p><em> &#8221; Sources www.vogue.com &#8221; <\/em><\/p>\n<p><em> &#8221; Fuentes www.vogue.com &#8221; <\/em><\/p>\n","protected":false},"excerpt":{"rendered":"<p>Tendencias de Moda Estival para Viajeros: Un Vistazo a Verano 2025 Cuando se habla de turismo, la moda juega un papel crucial, ya que lo que llevamos puesto no solo refleja nuestro estilo personal, sino tambi\u00e9n nuestra experiencia cultural y las memorias que recolectamos en el camino. Con el verano de 2025 a la vuelta [&hellip;]<\/p>\n","protected":false},"author":4,"featured_media":1019123,"comment_status":"open","ping_status":"closed","sticky":false,"template":"","format":"standard","meta":{"om_disable_all_campaigns":false,"jnews-multi-image_gallery":[],"jnews_single_post":[],"jnews_primary_category":[],"jnews_social_meta":[],"footnotes":""},"categories":[144872],"tags":[201575,202793,238985,203112,238986,238983,199113,238984,198877,201498],"class_list":["post-1019122","post","type-post","status-publish","format-standard","has-post-thumbnail","hentry","category-fashion","tag-casual-style","tag-clothing-trends","tag-fashion-podcast","tag-flip-flops","tag-mature-fashion","tag-silk-scarves","tag-style-tips","tag-summer-dressing","tag-the-run-through-with-vogue","tag-womens-wear"],"_links":{"self":[{"href":"https:\/\/dimensionturistica.com\/es\/wp-json\/wp\/v2\/posts\/1019122","targetHints":{"allow":["GET"]}}],"collection":[{"href":"https:\/\/dimensionturistica.com\/es\/wp-json\/wp\/v2\/posts"}],"about":[{"href":"https:\/\/dimensionturistica.com\/es\/wp-json\/wp\/v2\/types\/post"}],"author":[{"embeddable":true,"href":"https:\/\/dimensionturistica.com\/es\/wp-json\/wp\/v2\/users\/4"}],"replies":[{"embeddable":true,"href":"https:\/\/dimensionturistica.com\/es\/wp-json\/wp\/v2\/comments?post=1019122"}],"version-history":[{"count":0,"href":"https:\/\/dimensionturistica.com\/es\/wp-json\/wp\/v2\/posts\/1019122\/revisions"}],"wp:featuredmedia":[{"embeddable":true,"href":"https:\/\/dimensionturistica.com\/es\/wp-json\/wp\/v2\/media\/1019123"}],"wp:attachment":[{"href":"https:\/\/dimensionturistica.com\/es\/wp-json\/wp\/v2\/media?parent=1019122"}],"wp:term":[{"taxonomy":"category","embeddable":true,"href":"https:\/\/dimensionturistica.com\/es\/wp-json\/wp\/v2\/categories?post=1019122"},{"taxonomy":"post_tag","embeddable":true,"href":"https:\/\/dimensionturistica.com\/es\/wp-json\/wp\/v2\/tags?post=1019122"}],"curies":[{"name":"wp","href":"https:\/\/api.w.org\/{rel}","templated":true}]}}