{"id":1018975,"date":"2025-07-29T05:31:48","date_gmt":"2025-07-29T05:31:48","guid":{"rendered":"https:\/\/dimensionturistica.com\/es\/?p=1018975"},"modified":"2025-07-29T05:31:48","modified_gmt":"2025-07-29T05:31:48","slug":"tabasco-critica-a-morenistas-por-sus-viajes-al-extranjero-demuestran-doble-moral","status":"publish","type":"post","link":"https:\/\/dimensionturistica.com\/es\/tabasco-critica-a-morenistas-por-sus-viajes-al-extranjero-demuestran-doble-moral\/","title":{"rendered":"Tabasco critica a morenistas por sus viajes al extranjero: &#8220;Demuestran doble moral&#8221;"},"content":{"rendered":"<h3>El Viaje como Reflejo de las Dualidades en la Pol\u00edtica<\/h3>\n<p>En un mundo donde viajar se ha convertido en un s\u00edmbolo de estatus, la pol\u00edtica y el turismo a menudo se entrelazan de maneras inesperadas, revelando no solo los destinos so\u00f1ados sino tambi\u00e9n las tensiones y contradicciones que caracterizan a una sociedad. Recientemente, la traves\u00eda de ciertos pol\u00edticos ha desatado un debate acerca de la autenticidad y la hipocres\u00eda en la dirigencia p\u00fablica, cuestionando el verdadero valor de la experiencia viajera.<\/p>\n<p>Las voces cr\u00edticas han se\u00f1alado c\u00f3mo algunos representantes, que se proclamaban defensores de un enfoque austero y responsable, han optado por escapadas internacionales que contrastan con sus discursos. Este fen\u00f3meno no es aislado; en muchas partes del mundo, la imagen de los l\u00edderes suele verse manchada por sus acciones personales. As\u00ed, el arte de viajar se convierte en un espejo de las realidades pol\u00edticas, donde el aventurero y el guardian de la \u00e9tica parecen coexistir, pero tambi\u00e9n chocar.<\/p>\n<h3>Destinos de Ensue\u00f1o y Debates \u00c9ticos<\/h3>\n<p>Los trayectos tur\u00edsticos frecuentemente est\u00e1n saturados de promesas de autenticidad y conexi\u00f3n con la cultura local. Desde las playas del Caribe hasta las monta\u00f1as de los Himalayas, el viaje ofrece experiencias que enriquecen la vida. Sin embargo, cuando estos viajes son realizados por figuras p\u00fablicas, la experiencia se complica; las aspiraciones personales se vuelven objeto de escrutinio social.<\/p>\n<p>Los detractores denuncian la &#8220;doble moral&#8221; que se emana de aquellos que abogan por la simplicidad y el ahorro mientras disfrutan de lujosas escapadas. Este fen\u00f3meno pone de relieve la importancia de la \u00e9tica en la pol\u00edtica y la necesidad de coherencia entre lo que se predica y lo que se practica. La experiencia tur\u00edstica transforma su valor, convirti\u00e9ndose en un s\u00edmbolo de contradicci\u00f3n m\u00e1s que de historia personal.<\/p>\n<h3>Un Llamado a la Reflexi\u00f3n<\/h3>\n<p>Es crucial entender que cada viaje puede servir como una lecci\u00f3n, no solo sobre el mundo, sino sobre nosotros mismos. Mientras algunos pol\u00edticos ven el viaje como una forma de concesi\u00f3n o escape, otros pueden encontrar en \u00e9l la oportunidad de reflejar un compromiso genuino con el desarrollo social. <\/p>\n<p>Los destinos tur\u00edsticos pueden ser el escenario perfecto para repensar el papel de la \u00e9tica en el liderazgo. As\u00ed, a medida que las maletas se preparan y los pasaportes son sellados, surge una pregunta: \u00bfc\u00f3mo pueden los l\u00edderes utilizar sus experiencias en el extranjero para influir positivamente en sus comunidades?<\/p>\n<h3>Conclusi\u00f3n<\/h3>\n<p>El turismo no es solo un asunto de placer y divertimento; en un contexto pol\u00edtico, puede ser un desaf\u00edo a la coherencia y a la transparencia. A medida que la conversaci\u00f3n sobre las responsabilidades de los l\u00edderes se intensifica, es esencial que tanto turistas como ciudadanos reflexionen sobre el impacto que tienen nuestras decisiones de viaje. La forma en que vivimos, viajamos y nos expresamos puede influir en nuestro entorno, haciendo que cada destino visitado no solo sea un punto en un mapa, sino un pelda\u00f1o hacia una mejor representaci\u00f3n y un liderazgo m\u00e1s \u00e9tico. En este vaiv\u00e9n entre el deber y el placer, el verdadero viaje comienza cuando somos capaces de integrar nuestros valores en cada paso que damos, tanto dentro como fuera de nuestras fronteras.<\/p>\n<p><em> &#8221; Sources www.xevt.com &#8221; <\/em><\/p>\n<p><em> &#8221; Fuentes www.xevt.com &#8221; <\/em><\/p>\n","protected":false},"excerpt":{"rendered":"<p>El Viaje como Reflejo de las Dualidades en la Pol\u00edtica En un mundo donde viajar se ha convertido en un s\u00edmbolo de estatus, la pol\u00edtica y el turismo a menudo se entrelazan de maneras inesperadas, revelando no solo los destinos so\u00f1ados sino tambi\u00e9n las tensiones y contradicciones que caracterizan a una sociedad. Recientemente, la traves\u00eda [&hellip;]<\/p>\n","protected":false},"author":4,"featured_media":1018806,"comment_status":"open","ping_status":"closed","sticky":false,"template":"","format":"standard","meta":{"om_disable_all_campaigns":false,"jnews-multi-image_gallery":[],"jnews_single_post":[],"jnews_primary_category":[],"jnews_social_meta":[],"footnotes":""},"categories":[39],"tags":[238931],"class_list":["post-1018975","post","type-post","status-publish","format-standard","has-post-thumbnail","hentry","category-viajes","tag-prd-tabasco-hipocresia-morenistas-viajes-al-extranjero-doble-moral-politica-criticas"],"_links":{"self":[{"href":"https:\/\/dimensionturistica.com\/es\/wp-json\/wp\/v2\/posts\/1018975","targetHints":{"allow":["GET"]}}],"collection":[{"href":"https:\/\/dimensionturistica.com\/es\/wp-json\/wp\/v2\/posts"}],"about":[{"href":"https:\/\/dimensionturistica.com\/es\/wp-json\/wp\/v2\/types\/post"}],"author":[{"embeddable":true,"href":"https:\/\/dimensionturistica.com\/es\/wp-json\/wp\/v2\/users\/4"}],"replies":[{"embeddable":true,"href":"https:\/\/dimensionturistica.com\/es\/wp-json\/wp\/v2\/comments?post=1018975"}],"version-history":[{"count":0,"href":"https:\/\/dimensionturistica.com\/es\/wp-json\/wp\/v2\/posts\/1018975\/revisions"}],"wp:featuredmedia":[{"embeddable":true,"href":"https:\/\/dimensionturistica.com\/es\/wp-json\/wp\/v2\/media\/1018806"}],"wp:attachment":[{"href":"https:\/\/dimensionturistica.com\/es\/wp-json\/wp\/v2\/media?parent=1018975"}],"wp:term":[{"taxonomy":"category","embeddable":true,"href":"https:\/\/dimensionturistica.com\/es\/wp-json\/wp\/v2\/categories?post=1018975"},{"taxonomy":"post_tag","embeddable":true,"href":"https:\/\/dimensionturistica.com\/es\/wp-json\/wp\/v2\/tags?post=1018975"}],"curies":[{"name":"wp","href":"https:\/\/api.w.org\/{rel}","templated":true}]}}