{"id":1018626,"date":"2025-07-28T21:35:29","date_gmt":"2025-07-28T21:35:29","guid":{"rendered":"https:\/\/dimensionturistica.com\/es\/cierre-del-programa-educativo-del-campus-musical-en-gandia\/"},"modified":"2025-07-28T21:35:29","modified_gmt":"2025-07-28T21:35:29","slug":"cierre-del-programa-educativo-del-campus-musical-en-gandia","status":"publish","type":"post","link":"https:\/\/dimensionturistica.com\/es\/cierre-del-programa-educativo-del-campus-musical-en-gandia\/","title":{"rendered":"Cierre del Programa Educativo del Campus Musical en Gandia"},"content":{"rendered":"<p><strong>Descubre la Magia del Campus Musical Vicky: Un Escape \u00danico en la Safor<\/strong><\/p>\n<p>En el coraz\u00f3n de la comarca de la Safor, un lugar donde la tradici\u00f3n se entrelaza arm\u00f3nicamente con la creatividad, se celebra un evento que convoca a amantes de la m\u00fasica de todas las edades: el Campus Musical Vicky. Este programa formativo, que atrae a nuevos talentos y pasionados de la m\u00fasica, se ha convertido en una cita ineludible para quienes buscan una experiencia enriquecedora y \u00fanica en el mundo de las artes sonoras.<\/p>\n<h3>Un Entorno Natural y Vibrante<\/h3>\n<p>La Safor, con sus paisajes serenos y su patrimonio cultural impresionante, se presenta como el escenario ideal para este campus. Los asistentes tienen la fortuna de absorber la energ\u00eda vital de la naturaleza mientras se sumergen en su formaci\u00f3n musical. La combinaci\u00f3n de panoramas monta\u00f1osos y bellas playas ofrece un tel\u00f3n de fondo que invita a la introspecci\u00f3n y la creatividad.<\/p>\n<h3>Aprendizaje y Crecimiento Personal<\/h3>\n<p>M\u00e1s all\u00e1 de la t\u00e9cnica musical, el campus fomenta el desarrollo de habilidades interpersonales y la colaboraci\u00f3n entre los participantes. A lo largo del programa, j\u00f3venes m\u00fasicos de diversas disciplinas se unen para formar agrupaciones, compartiendo no solo su pasi\u00f3n por la m\u00fasica, sino tambi\u00e9n vivencias, sue\u00f1os y expectativas. Esta interacci\u00f3n crea un ambiente donde cada uno puede florecer, empujando los l\u00edmites de su creatividad y talento.<\/p>\n<h3>Un Espacio para Todos<\/h3>\n<p>El Campus Musical Vicky est\u00e1 dise\u00f1ado para ser inclusivo, ofreciendo clases que abarcan desde los m\u00e1s peque\u00f1os hasta los adultos, en un rango diverso de g\u00e9neros y estilos musicales. Esto no solo potencia el aprendizaje, sino que tambi\u00e9n refuerza el sentido de comunidad entre los asistentes. Las actuaciones y recitales se convierten en una vitrina para que cada participante muestre su progreso y lo comparta con amigos y familiares, generando momentos memorables que trascienden m\u00e1s all\u00e1 de la m\u00fasica.<\/p>\n<h3>Conciertos que Enamoran<\/h3>\n<p>Al final del curso, el campus culmina en un emocionante festival de clausura, donde los participantes tienen la oportunidad de presentarse en conciertos que atraen a locales y turistas. Estos espect\u00e1culos son una celebraci\u00f3n del esfuerzo y el compromiso de los j\u00f3venes m\u00fasicos, brindando al p\u00fablico una experiencia que mezcla emoci\u00f3n y talento.<\/p>\n<h3>Un Futuro Brillante<\/h3>\n<p>El impacto del Campus Musical Vicky va m\u00e1s all\u00e1 de su duraci\u00f3n; muchos exalumnos mantienen el contacto y contin\u00faan colaborando en proyectos musicales despu\u00e9s de su paso por el campus. Esto refleja no solo el \u00e9xito del programa, sino tambi\u00e9n la importancia de fomentar redes de apoyo en el mundo de la m\u00fasica.<\/p>\n<h3>Ven y Experimenta<\/h3>\n<p>Si eres un amante de la m\u00fasica o simplemente buscas una experiencia enriquecedora en un entorno natural cautivador, el Campus Musical Vicky en la Safor es una alternativa que no debes pasar por alto. Sum\u00e9rgete en la magia de la m\u00fasica y descubre lo que este hermoso rinc\u00f3n de Espa\u00f1a tiene para ofrecer.<\/p>\n<p>La Safor, con su encanto y su musicalidad, te espera para ser parte de este viaje \u00fanico. Prep\u00e1rate para dejarte llevar por las notas y crear recuerdos inolvidables en el Campus Musical Vicky.<\/p>\n<p><em> &#8221; Sources www.levante-emv.com &#8221; <\/em><\/p>\n","protected":false},"excerpt":{"rendered":"<p>Descubre la Magia del Campus Musical Vicky: Un Escape \u00danico en la Safor En el coraz\u00f3n de la comarca de la Safor, un lugar donde la tradici\u00f3n se entrelaza arm\u00f3nicamente con la creatividad, se celebra un evento que convoca a amantes de la m\u00fasica de todas las edades: el Campus Musical Vicky. Este programa formativo, [&hellip;]<\/p>\n","protected":false},"author":2,"featured_media":1018627,"comment_status":"open","ping_status":"closed","sticky":false,"template":"","format":"standard","meta":{"om_disable_all_campaigns":false,"jnews-multi-image_gallery":[],"jnews_single_post":[],"jnews_primary_category":[],"jnews_social_meta":[],"footnotes":""},"categories":[43],"tags":[1940,138243,213820,7665,3336,115744,3967,237245,6859,4378,58387,2282,10526,4381,2612],"class_list":["post-1018626","post","type-post","status-publish","format-standard","has-post-thumbnail","hentry","category-gourmet","tag-campus","tag-campus-musical","tag-cultura-musical","tag-curso","tag-educacion","tag-eventos-musicales","tag-final","tag-final-de-curso","tag-formacion","tag-gandia","tag-la-safor","tag-musica","tag-musical","tag-vicky","tag-vicky-foods"],"_links":{"self":[{"href":"https:\/\/dimensionturistica.com\/es\/wp-json\/wp\/v2\/posts\/1018626","targetHints":{"allow":["GET"]}}],"collection":[{"href":"https:\/\/dimensionturistica.com\/es\/wp-json\/wp\/v2\/posts"}],"about":[{"href":"https:\/\/dimensionturistica.com\/es\/wp-json\/wp\/v2\/types\/post"}],"author":[{"embeddable":true,"href":"https:\/\/dimensionturistica.com\/es\/wp-json\/wp\/v2\/users\/2"}],"replies":[{"embeddable":true,"href":"https:\/\/dimensionturistica.com\/es\/wp-json\/wp\/v2\/comments?post=1018626"}],"version-history":[{"count":0,"href":"https:\/\/dimensionturistica.com\/es\/wp-json\/wp\/v2\/posts\/1018626\/revisions"}],"wp:featuredmedia":[{"embeddable":true,"href":"https:\/\/dimensionturistica.com\/es\/wp-json\/wp\/v2\/media\/1018627"}],"wp:attachment":[{"href":"https:\/\/dimensionturistica.com\/es\/wp-json\/wp\/v2\/media?parent=1018626"}],"wp:term":[{"taxonomy":"category","embeddable":true,"href":"https:\/\/dimensionturistica.com\/es\/wp-json\/wp\/v2\/categories?post=1018626"},{"taxonomy":"post_tag","embeddable":true,"href":"https:\/\/dimensionturistica.com\/es\/wp-json\/wp\/v2\/tags?post=1018626"}],"curies":[{"name":"wp","href":"https:\/\/api.w.org\/{rel}","templated":true}]}}