{"id":101828,"date":"2021-03-25T08:09:31","date_gmt":"2021-03-25T08:09:31","guid":{"rendered":"https:\/\/dimensionturistica.com\/es\/?p=101828"},"modified":"2021-03-25T08:09:32","modified_gmt":"2021-03-25T08:09:32","slug":"coronavirus-y-restricciones-un-bucle","status":"publish","type":"post","link":"https:\/\/dimensionturistica.com\/es\/coronavirus-y-restricciones-un-bucle\/","title":{"rendered":"Coronavirus y restricciones, un bucle"},"content":{"rendered":"<p> <br \/>\n<\/p>\n<div id=\"\">\n<p class=\"gn-03N-Tex-capi-1-caracter\"><span class=\"gn-03N-Capitular\"><span style=\"text-transform:uppercase\">E<\/span><\/span><span class=\"gn-03N-Texto-base\">spero equivocarme claro, pero la insistencia del coronavirus tiene mala pinta. No s\u00e9 si es a\u00fan una nueva fase de la tercera ola o se\u00f1ala ya la llegada de una cuarta ola. La tercera ola ha tenido una menor incidencia que las dos anteriores. Sensiblemente menor. Parece que las actuales restricciones y la puesta en marcha del proceso de vacunaci\u00f3n han sido, en ese sentido, pasos efectivos. Pero la realidad es que a\u00fan queda mucho recorrido por delante entre contener la expansi\u00f3n del coronavirus y superar los efectos humanos y sanitarios de la pandemia. Las medidas controlan sanitariamente la covid-19 mejor que hace un a\u00f1o y mejor tambi\u00e9n que en oto\u00f1o y que a comienzos de a\u00f1o, pero no la eliminan. Y supongo que como respuesta a la nueva incertidumbre que acompa\u00f1a cada vez que aumentan los casos de contagio llegar\u00e1n m\u00e1s restricciones, cerca de Semana Santa la pr\u00f3xima semana, en hosteler\u00eda, comercio, cultura&#8230;, adem\u00e1s de mantener el cierre perimetral de las comunidades y el toque de queda, que incluso podr\u00eda adelantarse. M\u00e1s cansancio social, m\u00e1s malestar ciudadano y m\u00e1s perjuicios econ\u00f3micos y laborales para los sectores afectados. Conforme transcurre el tiempo este de pandemia, todo genera m\u00e1s dudas. A m\u00ed tambi\u00e9n. Hay una resistencia oficial y fashionable a asumir que el coronavirus ha llegado para quedarse y que la idea-consigna de recuperar aquel tiempo cercano si nos portamos bien es ya vieja. Superada por los hechos. Es mejor pensar en este despu\u00e9s en el que estamos y asumir la realidad. Adoptar las mejores medidas y condiciones para convivir con el coronavirus. Con sus contradicciones incluidas. En el proceso de vacunaci\u00f3n son evidentes. No s\u00f3lo con el fiasco de AstraZeneca \u2013se vuelve a utilizar en Navarra tras su suspensi\u00f3n sin una justificaci\u00f3n clara siquiera a la opini\u00f3n p\u00fablica\u2013, o los criterios de priorizaci\u00f3n elegidos para vacunar, sino porque los plazos, suministros y planificaci\u00f3n est\u00e1n dejando mucho que desear. Imagino que tanto por la propia competencia econ\u00f3mica entre farmac\u00e9uticas y entre pa\u00edses como por el lastre de la burocracia de las instituciones europeas y por la cada vez m\u00e1s imposible labor de tomar decisiones con un m\u00ednimo de cohesi\u00f3n en la compleja UE de los 27. La realidad es que ni Europa ni el Estado ni Navarra tienen las dosis necesarias para cumplir las previsiones. Y eso arrastra todo. Tambi\u00e9n son evidentes las contradicciones en la movilidad. Un desconcierto rid\u00edculo. No se puede viajar de Iru\u00f1a a Zarautz, es un ejemplo, pero se puede ir de turismo a Canarias o si llegas a un aeropuerto internacional cercano, a Par\u00eds, aunque la ciudad lleve cinco meses cerrada. O tambi\u00e9n de Par\u00eds a Madrid. Se ha avanzado mucho en estos doce meses contra el coronavirus y aun as\u00ed permanece el mismo estado de confusi\u00f3n y falta de coherencia en muchas de las decisiones y medidas. Una sensaci\u00f3n tediosa de consecuencias imprevisibles, sobre todo entre los j\u00f3venes, que invade a la sociedad. Por eso no tengo claro que nuevas restricciones vayan a ser m\u00e1s efectivas de lo que ya son las vigentes ahora. Ese ciclo perverso de abrir y cerrar la vida social lleva un a\u00f1o vigente pendiente del baile constante de datos, gr\u00e1ficos y estad\u00edsticas. Un estado de bucle. Sin vacunas y con nuevas cepas, ser\u00e1 otro paso atr\u00e1s m\u00e1s que cada vez hace m\u00e1s dif\u00edcil avanzar hacia adelante.<\/span><\/p>\n<p><span class=\"bajo_parrafo\"><\/span> <span class=\"bajo_parrafo\"><\/span>\n<\/div>\n\n<p><em> &#8221; Fuentes www.noticiasdenavarra.com &#8221; <\/em><\/p>\n","protected":false},"excerpt":{"rendered":"<p>Espero equivocarme claro, pero la insistencia del coronavirus tiene mala pinta. No s\u00e9 si es a\u00fan una nueva fase de la tercera ola o se\u00f1ala ya la llegada de una cuarta ola. La tercera ola ha tenido una menor incidencia que las dos anteriores. Sensiblemente menor. Parece que las actuales restricciones y la puesta en [&hellip;]<\/p>\n","protected":false},"author":4,"featured_media":85442,"comment_status":"open","ping_status":"closed","sticky":false,"template":"","format":"standard","meta":{"om_disable_all_campaigns":false,"jnews-multi-image_gallery":[],"jnews_single_post":[],"jnews_primary_category":[],"jnews_social_meta":[],"footnotes":""},"categories":[39],"tags":[20695,55,2855],"class_list":["post-101828","post","type-post","status-publish","format-standard","has-post-thumbnail","hentry","category-viajes","tag-bucle","tag-coronavirus","tag-restricciones"],"_links":{"self":[{"href":"https:\/\/dimensionturistica.com\/es\/wp-json\/wp\/v2\/posts\/101828","targetHints":{"allow":["GET"]}}],"collection":[{"href":"https:\/\/dimensionturistica.com\/es\/wp-json\/wp\/v2\/posts"}],"about":[{"href":"https:\/\/dimensionturistica.com\/es\/wp-json\/wp\/v2\/types\/post"}],"author":[{"embeddable":true,"href":"https:\/\/dimensionturistica.com\/es\/wp-json\/wp\/v2\/users\/4"}],"replies":[{"embeddable":true,"href":"https:\/\/dimensionturistica.com\/es\/wp-json\/wp\/v2\/comments?post=101828"}],"version-history":[{"count":0,"href":"https:\/\/dimensionturistica.com\/es\/wp-json\/wp\/v2\/posts\/101828\/revisions"}],"wp:featuredmedia":[{"embeddable":true,"href":"https:\/\/dimensionturistica.com\/es\/wp-json\/wp\/v2\/media\/85442"}],"wp:attachment":[{"href":"https:\/\/dimensionturistica.com\/es\/wp-json\/wp\/v2\/media?parent=101828"}],"wp:term":[{"taxonomy":"category","embeddable":true,"href":"https:\/\/dimensionturistica.com\/es\/wp-json\/wp\/v2\/categories?post=101828"},{"taxonomy":"post_tag","embeddable":true,"href":"https:\/\/dimensionturistica.com\/es\/wp-json\/wp\/v2\/tags?post=101828"}],"curies":[{"name":"wp","href":"https:\/\/api.w.org\/{rel}","templated":true}]}}