{"id":1016970,"date":"2025-07-25T08:45:40","date_gmt":"2025-07-25T08:45:40","guid":{"rendered":"https:\/\/dimensionturistica.com\/es\/?p=1016970"},"modified":"2025-07-25T08:45:40","modified_gmt":"2025-07-25T08:45:40","slug":"potencia-y-elegancia-del-jaguar-en-la-industria-de-la-moda","status":"publish","type":"post","link":"https:\/\/dimensionturistica.com\/es\/potencia-y-elegancia-del-jaguar-en-la-industria-de-la-moda\/","title":{"rendered":"Potencia y Elegancia del Jaguar en la Industria de la Moda"},"content":{"rendered":"<h3>El Legado del Jaguar: Moda y Cultura en el Coraz\u00f3n de Am\u00e9rica Latina<\/h3>\n<p>En el vasto y vibrante paisaje de Am\u00e9rica Latina, el jaguar no solo es un s\u00edmbolo de fuerza y agilidad; tambi\u00e9n se ha convertido en una representaci\u00f3n ic\u00f3nica de la cultura y el esp\u00edritu local, entronizando su figura en las pasarelas de moda. A medida que el turismo se entrelaza con la apreciaci\u00f3n cultural, la imagen del jaguar ha sido reinterpretada por dise\u00f1adores y artistas, transform\u00e1ndose en un elemento central que cautiva tanto a locales como a visitantes.<\/p>\n<h4>Un \u00cdcono de Fuerza<\/h4>\n<p>Desde tiempos ancestrales, el jaguar ha sido venerado por diversas civilizaciones ind\u00edgenas. Se le considera un protector, un ser m\u00edstico que encarna la conexi\u00f3n entre el mundo terrenal y el espiritual. Esta poderosa imagen ha encontrado su lugar en la moda contempor\u00e1nea, donde su representaci\u00f3n va m\u00e1s all\u00e1 de lo est\u00e9tico. Dise\u00f1adores emergentes y consagrados han tomado esta inspiraci\u00f3n y la han fusionado con t\u00e9cnicas tradicionales, creando piezas que cuentan historias y llevan consigo el peso cultural de su origen.<\/p>\n<h4>Moda como Mensaje<\/h4>\n<p>En el \u00e1mbito tur\u00edstico, encontrar un vestido que lleve la impronta del jaguar se convierte en una experiencia enriquecedora. Este tipo de prendas no solo embellecen, sino que tambi\u00e9n conectan al viajero con las ra\u00edces de la cultura latinoamericana. Al ataviarse con estas obras de arte, los turistas no solo adoptan una moda, sino que se convierten en embajadores de un legado cultural que reverbera a trav\u00e9s del tiempo.<\/p>\n<h4>Sostenibilidad y Respeto<\/h4>\n<p>Uno de los aspectos m\u00e1s destacados de esta revoluci\u00f3n en la moda es la creciente conciencia sobre la sostenibilidad. Muchos dise\u00f1adores est\u00e1n optando por materiales org\u00e1nicos y t\u00e9cnicas de producci\u00f3n \u00e9ticas, respetando el medio ambiente y a las comunidades locales. Esto no solo apoya la conservaci\u00f3n del jaguar y su h\u00e1bitat, sino que tambi\u00e9n impulsa un turismo responsable que favorece la econom\u00eda local.<\/p>\n<h4>El Turismo como Plataforma<\/h4>\n<p>El turismo desempe\u00f1a un papel fundamental en el renacer del jaguar como s\u00edmbolo en la moda. Las pasarelas de ciudades como Ciudad de M\u00e9xico, Lima o S\u00e3o Paulo realizan eventos que abarcan exposiciones y ferias dedicadas a artistas de la moda que utilizan motivos inspirados en la naturaleza. Estas iniciativas no solo estimulan el inter\u00e9s por la moda, sino que tambi\u00e9n celebran la biodiversidad y la riqueza cultural de la regi\u00f3n.<\/p>\n<h4>Conclusi\u00f3n<\/h4>\n<p>Al viajar por Am\u00e9rica Latina, los visitantes tienen la oportunidad de descubrir una moda que no solo es contempor\u00e1nea, sino que tambi\u00e9n rinde homenaje a su herencia cultural. La representaci\u00f3n del jaguar en la moda se convierte en un puente entre el pasado y el presente, record\u00e1ndonos que cada prenda tiene una historia que contar. La belleza de este proceso radica en que, al optar por llevar con orgullo estas creaciones, los turistas contribuyen a un ciclo de reconocimiento y respeto por la cultura que les rodea. As\u00ed, el jaguar no solo sigue siendo un s\u00edmbolo de fuerza; tambi\u00e9n se erige como un emblema de estilo y conexi\u00f3n en el mundo moderno.<\/p>\n<p><em> &#8221; Sources columnadigital.com &#8221; <\/em><\/p>\n<p><em> &#8221; Fuentes columnadigital.com &#8221; <\/em><\/p>\n","protected":false},"excerpt":{"rendered":"<p>El Legado del Jaguar: Moda y Cultura en el Coraz\u00f3n de Am\u00e9rica Latina En el vasto y vibrante paisaje de Am\u00e9rica Latina, el jaguar no solo es un s\u00edmbolo de fuerza y agilidad; tambi\u00e9n se ha convertido en una representaci\u00f3n ic\u00f3nica de la cultura y el esp\u00edritu local, entronizando su figura en las pasarelas de [&hellip;]<\/p>\n","protected":false},"author":4,"featured_media":0,"comment_status":"open","ping_status":"closed","sticky":false,"template":"","format":"standard","meta":{"om_disable_all_campaigns":false,"jnews-multi-image_gallery":[],"jnews_single_post":[],"jnews_primary_category":[],"jnews_social_meta":[],"footnotes":""},"categories":[39],"tags":[1111,2185,3381,233985,662,82365,3743,7758,9206,20607,2544,659,6516,2189,1526,1727,600,2182],"class_list":["post-1016970","post","type-post","status-publish","format-standard","hentry","category-viajes","tag-animales","tag-arte","tag-belleza","tag-columna-digital","tag-cultura","tag-dimension-turistica","tag-diseno","tag-estilo","tag-fuerza","tag-inspiracion","tag-jaguar","tag-moda","tag-moda-sostenible","tag-naturaleza","tag-poder","tag-revista","tag-sostenibilidad","tag-tendencias"],"_links":{"self":[{"href":"https:\/\/dimensionturistica.com\/es\/wp-json\/wp\/v2\/posts\/1016970","targetHints":{"allow":["GET"]}}],"collection":[{"href":"https:\/\/dimensionturistica.com\/es\/wp-json\/wp\/v2\/posts"}],"about":[{"href":"https:\/\/dimensionturistica.com\/es\/wp-json\/wp\/v2\/types\/post"}],"author":[{"embeddable":true,"href":"https:\/\/dimensionturistica.com\/es\/wp-json\/wp\/v2\/users\/4"}],"replies":[{"embeddable":true,"href":"https:\/\/dimensionturistica.com\/es\/wp-json\/wp\/v2\/comments?post=1016970"}],"version-history":[{"count":0,"href":"https:\/\/dimensionturistica.com\/es\/wp-json\/wp\/v2\/posts\/1016970\/revisions"}],"wp:attachment":[{"href":"https:\/\/dimensionturistica.com\/es\/wp-json\/wp\/v2\/media?parent=1016970"}],"wp:term":[{"taxonomy":"category","embeddable":true,"href":"https:\/\/dimensionturistica.com\/es\/wp-json\/wp\/v2\/categories?post=1016970"},{"taxonomy":"post_tag","embeddable":true,"href":"https:\/\/dimensionturistica.com\/es\/wp-json\/wp\/v2\/tags?post=1016970"}],"curies":[{"name":"wp","href":"https:\/\/api.w.org\/{rel}","templated":true}]}}