{"id":1016272,"date":"2025-07-24T09:10:07","date_gmt":"2025-07-24T09:10:07","guid":{"rendered":"https:\/\/dimensionturistica.com\/es\/?p=1016272"},"modified":"2025-07-24T09:10:07","modified_gmt":"2025-07-24T09:10:07","slug":"solicitan-a-legisladora-frenar-el-uso-de-mototaxis-y-establecer-una-regulacion","status":"publish","type":"post","link":"https:\/\/dimensionturistica.com\/es\/solicitan-a-legisladora-frenar-el-uso-de-mototaxis-y-establecer-una-regulacion\/","title":{"rendered":"Solicitan a legisladora frenar el uso de mototaxis y establecer una regulaci\u00f3n."},"content":{"rendered":"<h3>Una Mirada Cr\u00edtica a la Movilidad en Mototaxi<\/h3>\n<p>En muchas ciudades, el mototaxi se ha convertido en el rey de las calles, ofreciendo un servicio de transporte r\u00e1pido y eficiente. Sin embargo, en medio de su creciente popularidad, surgen preocupaciones sobre la regulaci\u00f3n y la seguridad de este medio de transporte. Recientemente, se ha encendido el debate sobre la necesidad de establecer normas claras que regulen su uso, en respuesta a una serie de incidentes preocupantes.<\/p>\n<p>Los mototaxis son una opci\u00f3n atractiva para quienes buscan evadir el tr\u00e1fico o llegar r\u00e1pidamente a su destino. Con su tama\u00f1o compacto, permiten maniobrar en lugares donde otros veh\u00edculos simplemente no pueden. Sin embargo, esta agilidad conlleva riesgos, especialmente en t\u00e9rminos de seguridad vial. La falta de regulaci\u00f3n puede dar lugar a situaciones peligrosas, no solo para los pasajeros, sino tambi\u00e9n para otros usuarios de la v\u00eda.<\/p>\n<p>La propuesta de suspender temporalmente el servicio de mototaxis hasta que se establezcan normas espec\u00edficas ha suscitado un fuerte debate entre autoridades y ciudadanos. Algunos argumentan que una pausa en el servicio podr\u00eda ser necesaria para desarrollar un marco legal que garantice la seguridad y el bienestar de todos. Otros, sin embargo, ven en esta medida un obst\u00e1culo para un medio de transporte que muchas personas eligen por su conveniencia y econom\u00eda.<\/p>\n<p>La falta de un control adecuado sobre la operaci\u00f3n de mototaxis plantea interrogantes sobre seguros, licencias y capacitaci\u00f3n de los conductores. Sin estos elementos, el riesgo de accidentes y lesiones se incrementa dr\u00e1sticamente. Un enfoque regulatorio podr\u00eda ayudar a institucionalizar el servicio, ofreciendo a los usuarios una mayor tranquilidad y generando un entorno m\u00e1s seguro.<\/p>\n<p>Los defensores de los mototaxis argumentan que este servicio ha sabido adaptarse a las necesidades de la poblaci\u00f3n, especialmente en \u00e1reas donde el transporte p\u00fablico es limitado. Adem\u00e1s, representa una fuente de ingresos para muchas familias que dependen de este trabajo diario. De ah\u00ed la importancia de encontrar un equilibrio entre la regulaci\u00f3n y la preservaci\u00f3n de una opci\u00f3n de transporte que beneficia a tantos.<\/p>\n<p>La creaci\u00f3n de leyes espec\u00edficas que cubran aspectos como el uso de cascos, seguros obligatorios y la capacitaci\u00f3n de conductores parece ser un paso l\u00f3gico. Sin embargo, tambi\u00e9n debe considerarse la participaci\u00f3n de las comunidades locales en el desarrollo de estas normas, asegurando que reflejen las realidades de quienes utilizan estos servicios.<\/p>\n<p>A medida que el debate avanza, es crucial que los ciudadanos se mantengan informados y participen en las conversaciones sobre el futuro de los mototaxis. La movilidad urbana es esencial en el mundo moderno, y encontrar soluciones que promuevan la seguridad, la accesibilidad y la sostenibilidad deber\u00eda ser la prioridad. Al final, el objetivo es disfrutar de un transporte seguro y eficiente que contribuya al desarrollo armonioso de nuestras ciudades.<\/p>\n<p><em> &#8221; Sources www.elnorte.com &#8221; <\/em><\/p>\n<p><em> &#8221; Fuentes www.elnorte.com &#8221; <\/em><\/p>\n","protected":false},"excerpt":{"rendered":"<p>Una Mirada Cr\u00edtica a la Movilidad en Mototaxi En muchas ciudades, el mototaxi se ha convertido en el rey de las calles, ofreciendo un servicio de transporte r\u00e1pido y eficiente. Sin embargo, en medio de su creciente popularidad, surgen preocupaciones sobre la regulaci\u00f3n y la seguridad de este medio de transporte. Recientemente, se ha encendido [&hellip;]<\/p>\n","protected":false},"author":4,"featured_media":1016273,"comment_status":"open","ping_status":"closed","sticky":false,"template":"","format":"standard","meta":{"om_disable_all_campaigns":false,"jnews-multi-image_gallery":[],"jnews_single_post":[],"jnews_primary_category":[],"jnews_social_meta":[],"footnotes":""},"categories":[39],"tags":[2270,6359,1334,29636,698,223534,49517,136639,1532,4972,20569,4736,4442,653,545],"class_list":["post-1016272","post","type-post","status-publish","format-standard","has-post-thumbnail","hentry","category-viajes","tag-accidente","tag-aplicacion","tag-ciudad","tag-diputada","tag-gobierno","tag-laura-ballesteros","tag-legislacion","tag-mototaxi","tag-norma","tag-pide","tag-prohibir","tag-servicio","tag-suspender","tag-transporte","tag-viajes"],"_links":{"self":[{"href":"https:\/\/dimensionturistica.com\/es\/wp-json\/wp\/v2\/posts\/1016272","targetHints":{"allow":["GET"]}}],"collection":[{"href":"https:\/\/dimensionturistica.com\/es\/wp-json\/wp\/v2\/posts"}],"about":[{"href":"https:\/\/dimensionturistica.com\/es\/wp-json\/wp\/v2\/types\/post"}],"author":[{"embeddable":true,"href":"https:\/\/dimensionturistica.com\/es\/wp-json\/wp\/v2\/users\/4"}],"replies":[{"embeddable":true,"href":"https:\/\/dimensionturistica.com\/es\/wp-json\/wp\/v2\/comments?post=1016272"}],"version-history":[{"count":0,"href":"https:\/\/dimensionturistica.com\/es\/wp-json\/wp\/v2\/posts\/1016272\/revisions"}],"wp:featuredmedia":[{"embeddable":true,"href":"https:\/\/dimensionturistica.com\/es\/wp-json\/wp\/v2\/media\/1016273"}],"wp:attachment":[{"href":"https:\/\/dimensionturistica.com\/es\/wp-json\/wp\/v2\/media?parent=1016272"}],"wp:term":[{"taxonomy":"category","embeddable":true,"href":"https:\/\/dimensionturistica.com\/es\/wp-json\/wp\/v2\/categories?post=1016272"},{"taxonomy":"post_tag","embeddable":true,"href":"https:\/\/dimensionturistica.com\/es\/wp-json\/wp\/v2\/tags?post=1016272"}],"curies":[{"name":"wp","href":"https:\/\/api.w.org\/{rel}","templated":true}]}}