{"id":1016088,"date":"2025-07-23T23:04:46","date_gmt":"2025-07-23T23:04:46","guid":{"rendered":"https:\/\/dimensionturistica.com\/es\/?p=1016088"},"modified":"2025-07-23T23:04:46","modified_gmt":"2025-07-23T23:04:46","slug":"corte-de-pelo-largo-en-capas-con-destellos-luminosos-que-le-dan-un-aire-juvenil","status":"publish","type":"post","link":"https:\/\/dimensionturistica.com\/es\/corte-de-pelo-largo-en-capas-con-destellos-luminosos-que-le-dan-un-aire-juvenil\/","title":{"rendered":"Corte de pelo largo en capas con destellos luminosos que le dan un aire juvenil"},"content":{"rendered":"<h3>El Arte del Cambio: Estilos que Inspiran al Viajar<\/h3>\n<p>En un mundo donde las tendencias van y vienen, uno de los aspectos m\u00e1s cautivadores es el estilo personal, especialmente cuando se combina con la est\u00e9tica de los destinos tur\u00edsticos. La forma en que nos presentamos puede influir en nuestra experiencia al viajar, reflejando no solo nuestra identidad, sino tambi\u00e9n nuestra disposici\u00f3n a explorar nuevas culturas.<\/p>\n<p>Recientemente, el estilo de una famosa figura del entretenimiento ha capturado la atenci\u00f3n del p\u00fablico, no solo por su talento, sino por un corte de cabello que resuena con un deseo de renovaci\u00f3n. Este look, caracterizado por capas largas y luces sutiles, no solo rejuvenece, sino que tambi\u00e9n invita a pensar en c\u00f3mo el aspecto personal puede influir en la forma en que experimentamos el mundo.<\/p>\n<p>Imagine caminar por las vibrantes calles de Par\u00eds, luciendo un corte que evoca frescura y libertad. Su estilo, al igual que la ciudad, se convierte en un reflejo del arte y la elegancia que la caracterizan. Las capas aportan movimiento, y las luces, un brillo que se asemeja al encanto de una noche estrellada en Montmartre. As\u00ed, la imagen personal se transforma en una extensi\u00f3n de la propia aventura.<\/p>\n<p>No obstante, el impacto de un cambio de look no se limita solo al exterior. Al viajar, llevar una apariencia que resuene con la cultura del destino puede abrir puertas. En Jap\u00f3n, un peinado pulido puede ser visto como un signo de respeto, mientras que un estilo m\u00e1s relajado en las playas de Tulum puede ser la manera perfecta de conectar con el ambiente desenfadado. Cada decisi\u00f3n est\u00e9tica se convierte en una invitaci\u00f3n a interactuar m\u00e1s profundamente con el entorno, creando momentos memorables que trascienden lo superficial.<\/p>\n<p>Adem\u00e1s, la b\u00fasqueda de un nuevo estilo puede servir como chispa para motivarse a emprender ese viaje so\u00f1ado. La idea de un cambio puede empujarnos a dise\u00f1ar itinerarios, explorar nuevas gastronomieas y sumergirnos en experiencias que abarcan desde la moda hasta la m\u00fasica local. Con cada nuevo peinado o vestuario, se abre un sinf\u00edn de posibilidades, resaltando la conexi\u00f3n entre lo que somos y ad\u00f3nde vamos.<\/p>\n<p>Por lo tanto, al pensar en las pr\u00f3ximas vacaciones, considere no solo el destino, sino tambi\u00e9n c\u00f3mo su estilo personal puede enriquecer su experiencia. Al igual que una canci\u00f3n que evoca recuerdos, su apariencia puede ser una celebraci\u00f3n de los lugares que visita. Cambiar un poco su estilo puede significar un cambio de mentalidad, una apertura al mundo que lo rodea.<\/p>\n<p>As\u00ed que, prepare su maleta, pero no olvide incluir ese toque personal que lo hace \u00fanico. Despu\u00e9s de todo, un viaje es mucho m\u00e1s que solo un destino; es una forma de explorar qui\u00e9nes somos y c\u00f3mo nos presentamos ante el mundo. Y quiz\u00e1s, al igual que con un nuevo corte de cabello, cada nueva aventura puede rejuvenecer el alma y brindar una chispa de alegr\u00eda en nuestro camino.<\/p>\n<p><em> &#8221; Sources www.vogue.mx &#8221; <\/em><\/p>\n<p><em> &#8221; Fuentes www.vogue.mx &#8221; <\/em><\/p>\n","protected":false},"excerpt":{"rendered":"<p>El Arte del Cambio: Estilos que Inspiran al Viajar En un mundo donde las tendencias van y vienen, uno de los aspectos m\u00e1s cautivadores es el estilo personal, especialmente cuando se combina con la est\u00e9tica de los destinos tur\u00edsticos. La forma en que nos presentamos puede influir en nuestra experiencia al viajar, reflejando no solo [&hellip;]<\/p>\n","protected":false},"author":4,"featured_media":1016089,"comment_status":"open","ping_status":"closed","sticky":false,"template":"","format":"standard","meta":{"om_disable_all_campaigns":false,"jnews-multi-image_gallery":[],"jnews_single_post":[],"jnews_primary_category":[],"jnews_social_meta":[],"footnotes":""},"categories":[144872],"tags":[39783,205970,6446,237877,7758,25465,33779,201979,188910,202426],"class_list":["post-1016088","post","type-post","status-publish","format-standard","has-post-thumbnail","hentry","category-fashion","tag-cabello","tag-cabello-largo","tag-celebridades","tag-corte-en-capas","tag-estilo","tag-jennifer-lopez","tag-luces","tag-moda-capilar","tag-rejuvenecimiento","tag-tendencias-de-cabello"],"_links":{"self":[{"href":"https:\/\/dimensionturistica.com\/es\/wp-json\/wp\/v2\/posts\/1016088","targetHints":{"allow":["GET"]}}],"collection":[{"href":"https:\/\/dimensionturistica.com\/es\/wp-json\/wp\/v2\/posts"}],"about":[{"href":"https:\/\/dimensionturistica.com\/es\/wp-json\/wp\/v2\/types\/post"}],"author":[{"embeddable":true,"href":"https:\/\/dimensionturistica.com\/es\/wp-json\/wp\/v2\/users\/4"}],"replies":[{"embeddable":true,"href":"https:\/\/dimensionturistica.com\/es\/wp-json\/wp\/v2\/comments?post=1016088"}],"version-history":[{"count":0,"href":"https:\/\/dimensionturistica.com\/es\/wp-json\/wp\/v2\/posts\/1016088\/revisions"}],"wp:featuredmedia":[{"embeddable":true,"href":"https:\/\/dimensionturistica.com\/es\/wp-json\/wp\/v2\/media\/1016089"}],"wp:attachment":[{"href":"https:\/\/dimensionturistica.com\/es\/wp-json\/wp\/v2\/media?parent=1016088"}],"wp:term":[{"taxonomy":"category","embeddable":true,"href":"https:\/\/dimensionturistica.com\/es\/wp-json\/wp\/v2\/categories?post=1016088"},{"taxonomy":"post_tag","embeddable":true,"href":"https:\/\/dimensionturistica.com\/es\/wp-json\/wp\/v2\/tags?post=1016088"}],"curies":[{"name":"wp","href":"https:\/\/api.w.org\/{rel}","templated":true}]}}