{"id":1014164,"date":"2025-07-21T09:17:35","date_gmt":"2025-07-21T09:17:35","guid":{"rendered":"https:\/\/dimensionturistica.com\/es\/?p=1014164"},"modified":"2025-07-21T09:17:35","modified_gmt":"2025-07-21T09:17:35","slug":"un-viajero-tardio-la-maestria-de-desaparecer-sin-miradas-ajenas","status":"publish","type":"post","link":"https:\/\/dimensionturistica.com\/es\/un-viajero-tardio-la-maestria-de-desaparecer-sin-miradas-ajenas\/","title":{"rendered":"Un viajero tard\u00edo. La maestr\u00eda de desaparecer sin miradas ajenas."},"content":{"rendered":"<h3>El encanto de perderse: Una aventura de mochilero tard\u00edo<\/h3>\n<p>En un mundo donde la inmediatez y la conectividad parecen dictar nuestra rutina, la idea de emprender un viaje como mochilero puede sonar al mismo tiempo liberadora y desafiante. Cada vez m\u00e1s personas de diversas edades, en busca de un respiro en medio de la vor\u00e1gine cotidiana, deciden explorar el mundo a su propio ritmo, dejando atr\u00e1s las comodidades y el bullicio de las ciudades.<\/p>\n<p>El concepto de &#8220;mochilero tard\u00edo&#8221; ha ganado popularidad, especialmente entre aquellos que se atreven a desafiar las normas sociales acerca de la edad y el momento adecuado para explorar. Este enfoque de viaje no solo ofrece la oportunidad de redescubrir la naturaleza y la cultura local, sino que tambi\u00e9n fomenta una conexi\u00f3n profunda con uno mismo y con el entorno. <\/p>\n<p>Imagina caminar por senderos desconocidos, donde cada paso puede ser un descubrimiento. Utilizar un mapa de papel, en lugar de depender de tu smartphone, te sumerge en un proceso de b\u00fasqueda; no se trata solo de llegar a un destino, sino de disfrutar cada momento del trayecto. Las peque\u00f1as equivocaciones se convierten en an\u00e9cdotas memorables, las interacciones con lugare\u00f1os enriquecen la experiencia y el tiempo parece fluir de manera diferente.<\/p>\n<p>Los destinos para los mochileros tard\u00edos son variados. Desde los senderos de los Andes hasta las costas serenas del Mediterr\u00e1neo, cada rinc\u00f3n del planeta ofrece su propia magia. En la India, por ejemplo, la espiritualidad y el bullicio de las calles crean un ambiente vibrante que invita a perderse en sus laberintos de colores y aromas. En el sudeste asi\u00e1tico, la hospitalidad de las comunidades y la naturaleza exuberante son un b\u00e1lsamo para el alma.<\/p>\n<p>Sin embargo, salir de la zona de confort no est\u00e1 exento de retos. Aprender a gestionar lo inesperado, adaptarse a situaciones imprevistas y abrirse a nuevas experiencias son aspectos que contribuyen a un crecimiento personal significativo. Cada conversaci\u00f3n con otros viajeros o con habitantes locales en un albergue, puede revelar perspectivas \u00fanicas, ampliando la visi\u00f3n del mundo y de uno mismo.<\/p>\n<p>As\u00ed, el arte de perderse se convierte en un medio poderoso para conectarnos con nuestras ra\u00edces, aprender sobre culturas ajenas y reflexionar sobre nuestra propia vida. La experiencia de ser un mochilero tard\u00edo es tambi\u00e9n un acto de valent\u00eda, que nos invita a explorar no solo territorios f\u00edsicos, sino tambi\u00e9n aquellos espacios internos que a menudo dejamos inexplorados.<\/p>\n<p>Por \u00faltimo, este tipo de aventuras desaf\u00edan la noci\u00f3n de que hay un momento &#8220;correcto&#8221; para realizar ciertas actividades. La vida est\u00e1 llena de oportunidades, y cada etapa trae consigo la posibilidad de redescubrir nuestros sue\u00f1os y anhelos. As\u00ed que, ya sea que est\u00e9s planeando tu primer viaje o sintiendo el llamado de la aventura, recuerda que nunca es tarde para ponerte la mochila al hombro y salir al mundo en busca de nuevas historias que contar. La magia de perderse no es solo en el camino, sino tambi\u00e9n en el descubrimiento de uno mismo.<\/p>\n<p><em> &#8221; Sources www.mundiario.com &#8221; <\/em><\/p>\n<p><em> &#8221; Fuentes www.mundiario.com &#8221; <\/em><\/p>\n","protected":false},"excerpt":{"rendered":"<p>El encanto de perderse: Una aventura de mochilero tard\u00edo En un mundo donde la inmediatez y la conectividad parecen dictar nuestra rutina, la idea de emprender un viaje como mochilero puede sonar al mismo tiempo liberadora y desafiante. Cada vez m\u00e1s personas de diversas edades, en busca de un respiro en medio de la vor\u00e1gine [&hellip;]<\/p>\n","protected":false},"author":4,"featured_media":1014165,"comment_status":"open","ping_status":"closed","sticky":false,"template":"","format":"standard","meta":{"om_disable_all_campaigns":false,"jnews-multi-image_gallery":[],"jnews_single_post":[],"jnews_primary_category":[],"jnews_social_meta":[],"footnotes":""},"categories":[39],"tags":[68250,237192,237193,11138,545],"class_list":["post-1014164","post","type-post","status-publish","format-standard","has-post-thumbnail","hentry","category-viajes","tag-francisco-r-breijo-marquez","tag-hosteles","tag-mochilero-arte-de-perderse-viajes-aventura-autodescubrimiento-soledad-exploracion-libertad-minucias-de-la-vida-literatura-de-viaje","tag-mochileros","tag-viajes"],"_links":{"self":[{"href":"https:\/\/dimensionturistica.com\/es\/wp-json\/wp\/v2\/posts\/1014164","targetHints":{"allow":["GET"]}}],"collection":[{"href":"https:\/\/dimensionturistica.com\/es\/wp-json\/wp\/v2\/posts"}],"about":[{"href":"https:\/\/dimensionturistica.com\/es\/wp-json\/wp\/v2\/types\/post"}],"author":[{"embeddable":true,"href":"https:\/\/dimensionturistica.com\/es\/wp-json\/wp\/v2\/users\/4"}],"replies":[{"embeddable":true,"href":"https:\/\/dimensionturistica.com\/es\/wp-json\/wp\/v2\/comments?post=1014164"}],"version-history":[{"count":0,"href":"https:\/\/dimensionturistica.com\/es\/wp-json\/wp\/v2\/posts\/1014164\/revisions"}],"wp:featuredmedia":[{"embeddable":true,"href":"https:\/\/dimensionturistica.com\/es\/wp-json\/wp\/v2\/media\/1014165"}],"wp:attachment":[{"href":"https:\/\/dimensionturistica.com\/es\/wp-json\/wp\/v2\/media?parent=1014164"}],"wp:term":[{"taxonomy":"category","embeddable":true,"href":"https:\/\/dimensionturistica.com\/es\/wp-json\/wp\/v2\/categories?post=1014164"},{"taxonomy":"post_tag","embeddable":true,"href":"https:\/\/dimensionturistica.com\/es\/wp-json\/wp\/v2\/tags?post=1014164"}],"curies":[{"name":"wp","href":"https:\/\/api.w.org\/{rel}","templated":true}]}}