{"id":1013916,"date":"2025-07-20T20:55:25","date_gmt":"2025-07-20T20:55:25","guid":{"rendered":"https:\/\/dimensionturistica.com\/es\/?p=1013916"},"modified":"2025-07-20T20:55:25","modified_gmt":"2025-07-20T20:55:25","slug":"57-reflexiones-que-surgieron-mientras-disfrutaba-de-la-tercera-temporada-de-el-verano-en-que-me-enamore","status":"publish","type":"post","link":"https:\/\/dimensionturistica.com\/es\/57-reflexiones-que-surgieron-mientras-disfrutaba-de-la-tercera-temporada-de-el-verano-en-que-me-enamore\/","title":{"rendered":"57 reflexiones que surgieron mientras disfrutaba de la tercera temporada de &#8220;El verano en que me enamor\u00e9&#8221;"},"content":{"rendered":"<h3>Cautivados por la Magia del Verano<\/h3>\n<p>El verano es una temporada que evoca no solo viajes y aventuras, sino tambi\u00e9n conexiones emocionales y momentos inolvidables. Es ese instante en el que el sol brilla m\u00e1s intensamente y las noches se vuelven m\u00e1s largas, creando un tel\u00f3n de fondo perfecto para historias de amor, amistad y autodescubrimiento. Con el auge de diversas series que retratan esta esencia veraniega, podemos explorar destinos que nos transportan a esos mundos llenos de emociones vibrantes.<\/p>\n<p>Imaginemos una escapada a una playa pintoresca, donde el sonido de las olas se mezcla con risas y conversaciones compartidas. Los atardeceres en este tipo de lugares son verdaderas obras de arte, llenos de matices que son casi tan cambiantes como nuestras propias vivencias. Cada puesta de sol invita a la reflexi\u00f3n sobre lo ef\u00edmero y hermoso de los momentos, haciendo que cualquier historia de verano se convierta en un reflejo de nuestras propias experiencias.<\/p>\n<p>Las dram\u00e1ticas historias que a menudo vemos en la pantalla son el eco de las experiencias que podemos vivir en lugares llenos de encanto. Desde paseos por senderos floridos hasta cenas rom\u00e1nticas bajo un cielo estrellado, las posibilidades son infinitas. Cada rinc\u00f3n puede ser un nuevo cap\u00edtulo de nuestras vidas, esperando ser escrito con risas, charlas profundas y quiz\u00e1s, un toque de romance.<\/p>\n<p>Un destino que encarna esta esencia es la costa mediterr\u00e1nea. Visitar peque\u00f1as aldeas costeras con casas blancas te\u00f1idas de azul, palmeras meci\u00e9ndose suavemente y mercados llenos de productos frescos puede hacer que uno se sienta como parte de esa historia rom\u00e1ntica que se desarrolla en un verano perfecto. Aqu\u00ed, cada d\u00eda es una nueva oportunidad para dejarse llevar por el momento.<\/p>\n<p>Por otro lado, los festivales de verano son el escenario ideal para conectar con personas de todo el mundo. La m\u00fasica en vivo, el arte y la gastronom\u00eda se entrelazan en una celebraci\u00f3n de la vida y la creatividad. Cada festival ofrece una paleta de experiencias que, al igual que las historias que resonan en nuestras pantallas, nos recuerdan que cada verano puede ser una aventura \u00fanica.<\/p>\n<p>Al emprender un viaje, es importante adoptar una mentalidad abierta. Dejarse llevar puede resultar en los encuentros m\u00e1s inesperados y memorables, esos que se quedan grabados para siempre. Las historias de amor y amistad que surgen en estas escapadas son como el aroma de los d\u00edas soleados en la memoria; a veces dulces, a veces saladas, pero siempre significativas.<\/p>\n<p>Finalmente, al regresar de estos viajes, es f\u00e1cil perderse en la rutina diaria. Sin embargo, es vital recordar que esas historias no terminan al desembarcar. En cada conversaci\u00f3n, en cada nueva experiencia, llevamos con nosotros la esencia del verano. Cada instante vivido se convierte en un recordatorio de que, al igual que en una buena serie, siempre hay un nuevo cap\u00edtulo que explorar.<\/p>\n<p>As\u00ed que, mientras se acerca la temporada de verano, prep\u00e1rate para sumergirte en la aventura. Ya sea en una playa soleada, en la vibrante energ\u00eda de una ciudad o en la tranquilidad de un pueblo escondido, recuerda que cada viaje tiene el potencial de transformarse en una historia digna de ser contada. Sal a buscar tu propio verano, y d\u00e9jate envolver por la magia de lo inesperado.<\/p>\n<p><em> &#8221; Sources www.vogue.mx &#8221; <\/em><\/p>\n<p><em> &#8221; Fuentes www.vogue.mx &#8221; <\/em><\/p>\n","protected":false},"excerpt":{"rendered":"<p>Cautivados por la Magia del Verano El verano es una temporada que evoca no solo viajes y aventuras, sino tambi\u00e9n conexiones emocionales y momentos inolvidables. Es ese instante en el que el sol brilla m\u00e1s intensamente y las noches se vuelven m\u00e1s largas, creando un tel\u00f3n de fondo perfecto para historias de amor, amistad y [&hellip;]<\/p>\n","protected":false},"author":4,"featured_media":1013917,"comment_status":"open","ping_status":"closed","sticky":false,"template":"","format":"standard","meta":{"om_disable_all_campaigns":false,"jnews-multi-image_gallery":[],"jnews_single_post":[],"jnews_primary_category":[],"jnews_social_meta":[],"footnotes":""},"categories":[144872],"tags":[13247,6647,237127,21080,1371,18881,27866,154068,13578,2410,39144,189136],"class_list":["post-1013916","post","type-post","status-publish","format-standard","has-post-thumbnail","hentry","category-fashion","tag-amazon-prime-video","tag-amor","tag-el-verano-en-que-me-enamore","tag-emociones","tag-entretenimiento","tag-juventud","tag-nostalgia","tag-pensamientos","tag-reflexiones","tag-series","tag-series-de-tv","tag-temporada-3"],"_links":{"self":[{"href":"https:\/\/dimensionturistica.com\/es\/wp-json\/wp\/v2\/posts\/1013916","targetHints":{"allow":["GET"]}}],"collection":[{"href":"https:\/\/dimensionturistica.com\/es\/wp-json\/wp\/v2\/posts"}],"about":[{"href":"https:\/\/dimensionturistica.com\/es\/wp-json\/wp\/v2\/types\/post"}],"author":[{"embeddable":true,"href":"https:\/\/dimensionturistica.com\/es\/wp-json\/wp\/v2\/users\/4"}],"replies":[{"embeddable":true,"href":"https:\/\/dimensionturistica.com\/es\/wp-json\/wp\/v2\/comments?post=1013916"}],"version-history":[{"count":0,"href":"https:\/\/dimensionturistica.com\/es\/wp-json\/wp\/v2\/posts\/1013916\/revisions"}],"wp:featuredmedia":[{"embeddable":true,"href":"https:\/\/dimensionturistica.com\/es\/wp-json\/wp\/v2\/media\/1013917"}],"wp:attachment":[{"href":"https:\/\/dimensionturistica.com\/es\/wp-json\/wp\/v2\/media?parent=1013916"}],"wp:term":[{"taxonomy":"category","embeddable":true,"href":"https:\/\/dimensionturistica.com\/es\/wp-json\/wp\/v2\/categories?post=1013916"},{"taxonomy":"post_tag","embeddable":true,"href":"https:\/\/dimensionturistica.com\/es\/wp-json\/wp\/v2\/tags?post=1013916"}],"curies":[{"name":"wp","href":"https:\/\/api.w.org\/{rel}","templated":true}]}}