{"id":1013346,"date":"2025-07-19T11:22:40","date_gmt":"2025-07-19T11:22:40","guid":{"rendered":"https:\/\/dimensionturistica.com\/es\/?p=1013346"},"modified":"2025-07-19T11:22:40","modified_gmt":"2025-07-19T11:22:40","slug":"pamela-anderson-cambia-su-estilo-con-un-bob-este-verano-2025","status":"publish","type":"post","link":"https:\/\/dimensionturistica.com\/es\/pamela-anderson-cambia-su-estilo-con-un-bob-este-verano-2025\/","title":{"rendered":"Pamela Anderson cambia su estilo con un bob este verano 2025."},"content":{"rendered":"<h3>Un Verano de Cambio: La Transformaci\u00f3n de Pamela Anderson<\/h3>\n<p>Este verano, la emblem\u00e1tica actriz y modelo Pamela Anderson ha decidido sorprender a sus seguidores con un cambio radical en su estilo. Conocida por su ic\u00f3nica imagen de la d\u00e9cada de los 90, Anderson ha optado por un look de bob que refleja frescura y modernidad. Este nuevo estilo no s\u00f3lo marca una evoluci\u00f3n personal, sino que tambi\u00e9n sienta un precedente en el mundo del turismo de belleza.<\/p>\n<h4>La Influencia del Estilo<\/h4>\n<p>La conexi\u00f3n entre un cambio de look y el turismo es m\u00e1s profunda de lo que se podr\u00eda imaginar. La transformaci\u00f3n de Anderson se alinea con una tendencia creciente entre los viajeros: buscar experiencias que no solo sean visuales, sino que tambi\u00e9n enriquezcan su sentido del estilo y la autoexpresi\u00f3n. Cada vez m\u00e1s, los destinos tur\u00edsticos est\u00e1n adapt\u00e1ndose a esta demanda, ofreciendo talleres de belleza y asesor\u00edas de estilo.<\/p>\n<p>Imagina, por ejemplo, desembarcar en una isla tropical y reservar una sesi\u00f3n de estilismo con expertos locales, donde no solo podr\u00e1s arreglarte para las fotos, sino tambi\u00e9n aprender sobre las tendencias de belleza en diferentes culturas. El nuevo bob de Anderson podr\u00eda inspirar a muchos a hacer un cambio audaz mientras exploran destinos que celebran la diversidad de estilos.<\/p>\n<h4>Turismo Est\u00e9tico: La Nueva Frontera<\/h4>\n<p>A medida que el mundo se vuelve m\u00e1s interconectado, el concepto de turismo est\u00e9tico va en aumento. Desde centros de bienestar en Bali hasta las vibrantes calles de Barcelona, los viajeros buscan experiencias que les permitan redescubrir su imagen personal. Este fen\u00f3meno est\u00e1 redefiniendo la forma en que percibimos las vacaciones.<\/p>\n<p>De manera similar a c\u00f3mo Anderson ha regresado a sus ra\u00edces con un estilo que combina elegancia y desenfado, los turistas est\u00e1n cada vez m\u00e1s dispuestos a experimentar con su apariencia durante sus viajes. Citas en salones de belleza ubicados en lugares ex\u00f3ticos, sesiones de fotos profesionales y clases de maquillaje se han convertido en actividades muy solicitadas.<\/p>\n<h4>Un Verano para Inspirarse<\/h4>\n<p>Con la llegada del calor, el look fresco de Pamela Anderson es una invitaci\u00f3n a experimentar. Ya sea un viaje a la playa, una escapada a la monta\u00f1a o un recorrido por una ciudad vibrante, la clave est\u00e1 en permitirnos juguetear con nuevas ideas que reflejen nuestra esencia. La propuesta del bob es solo una de las muchas maneras de renovarnos y, qui\u00e9n sabe, tal vez lograr un cambio que nos inspire a vivir de forma m\u00e1s plena.<\/p>\n<p>Este verano, al igual que Anderson, considera hacer un cambio. Ya sea en tu estilo de cabello, tu forma de vestir o incluso en la elecci\u00f3n del destino, cada peque\u00f1a transformaci\u00f3n puede llevarte a experiencias inolvidables. Despu\u00e9s de todo, el viaje comienza desde el momento en que decides dar el primer paso hacia algo nuevo. <\/p>\n<p>As\u00ed que no dudes en empacar tu esp\u00edritu aventurero y, quiz\u00e1s, un par de tijeras imaginarias. El mundo aguarda, listo para ser explorado \u00a1y transformado!<\/p>\n<p><em> &#8221; Sources columnadigital.com &#8221; <\/em><\/p>\n<p><em> &#8221; Fuentes columnadigital.com &#8221; <\/em><\/p>\n","protected":false},"excerpt":{"rendered":"<p>Un Verano de Cambio: La Transformaci\u00f3n de Pamela Anderson Este verano, la emblem\u00e1tica actriz y modelo Pamela Anderson ha decidido sorprender a sus seguidores con un cambio radical en su estilo. Conocida por su ic\u00f3nica imagen de la d\u00e9cada de los 90, Anderson ha optado por un look de bob que refleja frescura y modernidad. [&hellip;]<\/p>\n","protected":false},"author":4,"featured_media":0,"comment_status":"open","ping_status":"closed","sticky":false,"template":"","format":"standard","meta":{"om_disable_all_campaigns":false,"jnews-multi-image_gallery":[],"jnews_single_post":[],"jnews_primary_category":[],"jnews_social_meta":[],"footnotes":""},"categories":[39],"tags":[208025,6446,233985,82365,7758,236908,25059,659,233256,201218,2182,10368,116229],"class_list":["post-1013346","post","type-post","status-publish","format-standard","hentry","category-viajes","tag-bob","tag-celebridades","tag-columna-digital","tag-dimension-turistica","tag-estilo","tag-estilo-bob","tag-look","tag-moda","tag-pamela-anderson","tag-sofisticada","tag-tendencias","tag-transformacion","tag-verano-2025"],"_links":{"self":[{"href":"https:\/\/dimensionturistica.com\/es\/wp-json\/wp\/v2\/posts\/1013346","targetHints":{"allow":["GET"]}}],"collection":[{"href":"https:\/\/dimensionturistica.com\/es\/wp-json\/wp\/v2\/posts"}],"about":[{"href":"https:\/\/dimensionturistica.com\/es\/wp-json\/wp\/v2\/types\/post"}],"author":[{"embeddable":true,"href":"https:\/\/dimensionturistica.com\/es\/wp-json\/wp\/v2\/users\/4"}],"replies":[{"embeddable":true,"href":"https:\/\/dimensionturistica.com\/es\/wp-json\/wp\/v2\/comments?post=1013346"}],"version-history":[{"count":0,"href":"https:\/\/dimensionturistica.com\/es\/wp-json\/wp\/v2\/posts\/1013346\/revisions"}],"wp:attachment":[{"href":"https:\/\/dimensionturistica.com\/es\/wp-json\/wp\/v2\/media?parent=1013346"}],"wp:term":[{"taxonomy":"category","embeddable":true,"href":"https:\/\/dimensionturistica.com\/es\/wp-json\/wp\/v2\/categories?post=1013346"},{"taxonomy":"post_tag","embeddable":true,"href":"https:\/\/dimensionturistica.com\/es\/wp-json\/wp\/v2\/tags?post=1013346"}],"curies":[{"name":"wp","href":"https:\/\/api.w.org\/{rel}","templated":true}]}}