{"id":1013217,"date":"2025-07-19T06:49:13","date_gmt":"2025-07-19T06:49:13","guid":{"rendered":"https:\/\/dimensionturistica.com\/es\/?p=1013217"},"modified":"2025-07-19T06:49:13","modified_gmt":"2025-07-19T06:49:13","slug":"recordando-a-la-difunta-danielle-slavik-una-modelo-de-cristobal-balenciaga-que-volvio-a-la-pasarela-en-2022","status":"publish","type":"post","link":"https:\/\/dimensionturistica.com\/es\/recordando-a-la-difunta-danielle-slavik-una-modelo-de-cristobal-balenciaga-que-volvio-a-la-pasarela-en-2022\/","title":{"rendered":"Recordando a la Difunta Danielle Slavik, una Modelo de Crist\u00f3bal Balenciaga que Volvi\u00f3 a la Pasarela en 2022"},"content":{"rendered":"<h2>Moda y Turismo: Un Viaje a la Elegancia<\/h2>\n<p>En un mundo donde la moda no solo se limita a las pasarelas, sino que se entrelaza con las experiencias de viaje, los destinos se han convertido en escenarios donde la alta costura y la cultura local se encuentran. La \u00faltima colecci\u00f3n de una de las casas m\u00e1s ic\u00f3nicas de la moda ha puesto de relieve este fen\u00f3meno, evocando no solo un sentido de estilo, sino tambi\u00e9n un llamado a explorar destinos llenos de historia, creatividad y elegancia.<\/p>\n<h3>La Pasarela como Destino<\/h3>\n<p>Imag\u00ednate caminando por los adoquines de una ciudad europea emblem\u00e1tica, donde cada rinc\u00f3n cuenta una historia y cada paso resuena con la influencia de grandes dise\u00f1adores. La \u00faltima colecci\u00f3n que ha deslumbrado tanto en las pasarelas como en las redes sociales se inspira en las siluetas modernas y la audacia de la alta costura. Los trajes, con sus formas dram\u00e1ticas y colores vibrantes, invitan a los amantes de la moda a sumergirse en experiencias \u00fanicas.<\/p>\n<h3>El Encuentro entre Moda y Cultura<\/h3>\n<p>Los destinos donde la alta costura florece, como Par\u00eds y Mil\u00e1n, se convierten en lugares imperdibles para los viajeros. Estos no solo ofrecen una oportunidad para adquirir prendas exclusivas, sino que permiten explorar la esencia de una cultura rica en arte y creatividad. Un recorrido por estas ciudades ofrece la posibilidad de visitar museos dedicados al dise\u00f1o, participar en talleres de moda, o simplemente perderse en tiendas de lujo que han sido testigos del paso de la historia.<\/p>\n<h3>Estrategias de Estilo para el Viajero Moderna<\/h3>\n<p>No se trata solo de la ropa, sino de c\u00f3mo cada pieza puede narrar una historia personal. Al elegir qu\u00e9 empacar para un viaje, cada viajero se convierte en un curador de su propia exhibici\u00f3n de moda. Desde elegantes vestidos que se prestan a cenas sofisticadas hasta conjuntos m\u00e1s casuales ideales para explorar las calles, la clave est\u00e1 en combinar estilo y comodidad. La belleza de la moda radica en su capacidad para transformar percepciones y dejar huella en las memorias de cada viaje.<\/p>\n<h3>El Llamado a la Aventura<\/h3>\n<p>Como embajadores de la elegancia, los viajeros de hoy est\u00e1n llamados a explorar m\u00e1s all\u00e1 de los destinos tradicionales. La moda nos recuerda que cada viaje puede ser una celebraci\u00f3n de la individualidad, y esa conexi\u00f3n se traduce en un deseo de descubrir nuevas rutas y culturas. Disfrutar de la alta costura es, en esencia, un homenaje a la creatividad humana y a las historias que se entrelazan en cada tejido.<\/p>\n<h3>Conclusi\u00f3n<\/h3>\n<p>La moda y el turismo se encuentran para ofrecernos no solo un deleite visual, sino tambi\u00e9n una experiencia enriquecedora. As\u00ed, cada prenda se convierte en un pasaporte a nuevas aventuras. Al final del d\u00eda, viajar y vestirse con elegancia son dos caras de la misma moneda: una invitaci\u00f3n a explorar, a descubrir y a celebrar la belleza en todas sus formas. Deja que la pr\u00f3xima vez que viajes, no solo lleves contigo recuerdos, sino tambi\u00e9n una parte de la historia que la moda tiene para ofrecer.<\/p>\n<p><em> &#8221; Sources www.vogue.com &#8221; <\/em><\/p>\n<p><em> &#8221; Fuentes www.vogue.com &#8221; <\/em><\/p>\n","protected":false},"excerpt":{"rendered":"<p>Moda y Turismo: Un Viaje a la Elegancia En un mundo donde la moda no solo se limita a las pasarelas, sino que se entrelaza con las experiencias de viaje, los destinos se han convertido en escenarios donde la alta costura y la cultura local se encuentran. La \u00faltima colecci\u00f3n de una de las casas [&hellip;]<\/p>\n","protected":false},"author":4,"featured_media":1013218,"comment_status":"open","ping_status":"closed","sticky":false,"template":"","format":"standard","meta":{"om_disable_all_campaigns":false,"jnews-multi-image_gallery":[],"jnews_single_post":[],"jnews_primary_category":[],"jnews_social_meta":[],"footnotes":""},"categories":[144872],"tags":[9241,46889,224834,236834,166,127523,77648,198499,205229,94447,142911,217117,72687,373],"class_list":["post-1013217","post","type-post","status-publish","format-standard","has-post-thumbnail","hentry","category-fashion","tag-9241","tag-balenciaga","tag-cristobal-balenciaga","tag-danielle-slavik","tag-fashion","tag-fashion-industry","tag-model","tag-onecolumn","tag-remembrance","tag-runway","tag-splitscreenimageleftinset","tag-storytypenews-trending","tag-tribute","tag-web"],"_links":{"self":[{"href":"https:\/\/dimensionturistica.com\/es\/wp-json\/wp\/v2\/posts\/1013217","targetHints":{"allow":["GET"]}}],"collection":[{"href":"https:\/\/dimensionturistica.com\/es\/wp-json\/wp\/v2\/posts"}],"about":[{"href":"https:\/\/dimensionturistica.com\/es\/wp-json\/wp\/v2\/types\/post"}],"author":[{"embeddable":true,"href":"https:\/\/dimensionturistica.com\/es\/wp-json\/wp\/v2\/users\/4"}],"replies":[{"embeddable":true,"href":"https:\/\/dimensionturistica.com\/es\/wp-json\/wp\/v2\/comments?post=1013217"}],"version-history":[{"count":0,"href":"https:\/\/dimensionturistica.com\/es\/wp-json\/wp\/v2\/posts\/1013217\/revisions"}],"wp:featuredmedia":[{"embeddable":true,"href":"https:\/\/dimensionturistica.com\/es\/wp-json\/wp\/v2\/media\/1013218"}],"wp:attachment":[{"href":"https:\/\/dimensionturistica.com\/es\/wp-json\/wp\/v2\/media?parent=1013217"}],"wp:term":[{"taxonomy":"category","embeddable":true,"href":"https:\/\/dimensionturistica.com\/es\/wp-json\/wp\/v2\/categories?post=1013217"},{"taxonomy":"post_tag","embeddable":true,"href":"https:\/\/dimensionturistica.com\/es\/wp-json\/wp\/v2\/tags?post=1013217"}],"curies":[{"name":"wp","href":"https:\/\/api.w.org\/{rel}","templated":true}]}}