{"id":1013012,"date":"2025-07-18T19:37:38","date_gmt":"2025-07-18T19:37:38","guid":{"rendered":"https:\/\/dimensionturistica.com\/es\/?p=1013012"},"modified":"2025-07-18T19:37:38","modified_gmt":"2025-07-18T19:37:38","slug":"pamela-anderson-reinventa-el-estilo-bob-y-se-muestra-mas-sofisticada-que-nunca-este-verano-2025","status":"publish","type":"post","link":"https:\/\/dimensionturistica.com\/es\/pamela-anderson-reinventa-el-estilo-bob-y-se-muestra-mas-sofisticada-que-nunca-este-verano-2025\/","title":{"rendered":"Pamela Anderson reinventa el estilo bob y se muestra m\u00e1s sofisticada que nunca este verano 2025."},"content":{"rendered":"<h3>Estilo Retro: El Regreso del Cabello Bob para el Verano de 2025<\/h3>\n<p>El verano de 2025 promete ser una temporada marcada por el regreso de estilos ic\u00f3nicos que han dejado huella en la historia de la moda. Una de las tendencias m\u00e1s emocionantes que est\u00e1 resurgiendo es el corte de cabello bob, que nos transporta directamente a la est\u00e9tica vibrante de los a\u00f1os 60. Este estilo no solo evoca nostalgia, sino que tambi\u00e9n ofrece una versatilidad inigualable para quienes buscan un cambio refrescante para la temporada de sol y vacaciones.<\/p>\n<p>Imagina caminar por las calles de una ciudad innovadora durante los meses m\u00e1s c\u00e1lidos, sintiendo la brisa suave acariciarte el rostro mientras el bob se mueve con cada paso. Este corte, que ha sido adoptado por \u00edconos de la cultura pop, reaparece con fuerza, resonando con una generaci\u00f3n que busca reinterpreta el pasado con un toque moderno. Su simplicidad y elegancia lo convierten en una opci\u00f3n ideal para el d\u00eda a d\u00eda, as\u00ed como para ocasiones especiales.<\/p>\n<h3>La Esencia del Bob<\/h3>\n<p>Lo que distingue al bob es su adaptabilidad y la forma en que puede complementar diferentes tipos de rostro y personalidades. Desde la suavidad del bob cl\u00e1sico hasta variantes m\u00e1s atrevidas como el bob asim\u00e9trico o el lob (bob largo), cada interpretaci\u00f3n ofrece una manera de expresar la individualidad. Adem\u00e1s, al llevarlo en un tono rubio dorado o en un casta\u00f1o profundo, se pueden explorar diferentes facetas de la propia imagen.<\/p>\n<h3>Estilo y Cuidado<\/h3>\n<p>Con el regreso del bob, tambi\u00e9n surge un inter\u00e9s renovado en los cuidados capilares. Los productos que nutren y dan brillo a cada hebra se convierten en esenciales. Un cabello bien cuidado no solo amplifica la belleza del corte, sino que se alinea con la creciente conciencia sobre la importancia de la salud capilar. Tratamientos naturales e ingredientes org\u00e1nicos est\u00e1n en auge, reflejando un estilo de vida que valora la sostenibilidad y el bienestar.<\/p>\n<h3>Inspiraci\u00f3n de Viaje<\/h3>\n<p>Las ciudades costeras y los destinos de verano son el escenario perfecto para lucir nuevas tendencias. Imagina disfrutar de una cena al atardecer en una playa de moda, con el cabello bob ondeando suavemente al ritmo de las olas. Lugares como Tulum, Barcelona o Santorini se presentan como telones de fondo ideales para experimentar la libertad que viene al adoptar un estilo chic y desenfadado.<\/p>\n<p>Durante tus viajes, no solo es fundamental elegir el destino adecuado, sino tambi\u00e9n el peinado que te acompa\u00f1ar\u00e1. El bob permite jugar con accesorios, como diademas coloridas o pa\u00f1uelos de seda, que aportan un toque personal y divertido.<\/p>\n<h3>Conclusi\u00f3n<\/h3>\n<p>A medida que la moda avanza, los cortes que han marcado \u00e9pocas pasadas emergen de nuevo, record\u00e1ndonos que los cl\u00e1sicos siempre encuentran su camino de regreso. Este verano, no pierdas la oportunidad de sumarte a la tendencia del bob. Ya sea en una escapada por la playa o explorando una nueva ciudad, permite que tu transformaci\u00f3n capilar hable de tu estilo \u00fanico y tu deseo de experimentar el mundo de una manera fresca y aut\u00e9ntica. \u00a1El verano de 2025 est\u00e1 llamando y el bob es la respuesta!<\/p>\n<p><em> &#8221; Sources www.vogue.mx &#8221; <\/em><\/p>\n<p><em> &#8221; Fuentes www.vogue.mx &#8221; <\/em><\/p>\n","protected":false},"excerpt":{"rendered":"<p>Estilo Retro: El Regreso del Cabello Bob para el Verano de 2025 El verano de 2025 promete ser una temporada marcada por el regreso de estilos ic\u00f3nicos que han dejado huella en la historia de la moda. Una de las tendencias m\u00e1s emocionantes que est\u00e1 resurgiendo es el corte de cabello bob, que nos transporta [&hellip;]<\/p>\n","protected":false},"author":4,"featured_media":1013013,"comment_status":"open","ping_status":"closed","sticky":false,"template":"","format":"standard","meta":{"om_disable_all_campaigns":false,"jnews-multi-image_gallery":[],"jnews_single_post":[],"jnews_primary_category":[],"jnews_social_meta":[],"footnotes":""},"categories":[144872],"tags":[3381,208025,6446,201310,200508,206477,206179,233256,202184,200334,22873,116229],"class_list":["post-1013012","post","type-post","status-publish","format-standard","has-post-thumbnail","hentry","category-fashion","tag-belleza","tag-bob","tag-celebridades","tag-corte-de-cabello","tag-cortes-de-cabello","tag-estilo-elegante","tag-looks-de-verano","tag-pamela-anderson","tag-peinados","tag-primavera-verano-2025","tag-tendencias-de-moda","tag-verano-2025"],"_links":{"self":[{"href":"https:\/\/dimensionturistica.com\/es\/wp-json\/wp\/v2\/posts\/1013012","targetHints":{"allow":["GET"]}}],"collection":[{"href":"https:\/\/dimensionturistica.com\/es\/wp-json\/wp\/v2\/posts"}],"about":[{"href":"https:\/\/dimensionturistica.com\/es\/wp-json\/wp\/v2\/types\/post"}],"author":[{"embeddable":true,"href":"https:\/\/dimensionturistica.com\/es\/wp-json\/wp\/v2\/users\/4"}],"replies":[{"embeddable":true,"href":"https:\/\/dimensionturistica.com\/es\/wp-json\/wp\/v2\/comments?post=1013012"}],"version-history":[{"count":0,"href":"https:\/\/dimensionturistica.com\/es\/wp-json\/wp\/v2\/posts\/1013012\/revisions"}],"wp:featuredmedia":[{"embeddable":true,"href":"https:\/\/dimensionturistica.com\/es\/wp-json\/wp\/v2\/media\/1013013"}],"wp:attachment":[{"href":"https:\/\/dimensionturistica.com\/es\/wp-json\/wp\/v2\/media?parent=1013012"}],"wp:term":[{"taxonomy":"category","embeddable":true,"href":"https:\/\/dimensionturistica.com\/es\/wp-json\/wp\/v2\/categories?post=1013012"},{"taxonomy":"post_tag","embeddable":true,"href":"https:\/\/dimensionturistica.com\/es\/wp-json\/wp\/v2\/tags?post=1013012"}],"curies":[{"name":"wp","href":"https:\/\/api.w.org\/{rel}","templated":true}]}}